{"id":1374,"date":"2015-03-18T16:40:12","date_gmt":"2015-03-18T16:40:12","guid":{"rendered":"https:\/\/armstrongyregion.com.ar\/diario\/?p=1374"},"modified":"2015-03-18T16:40:12","modified_gmt":"2015-03-18T16:40:12","slug":"armstrong-lanzamiento-de-campana-de-pablo-verdecchia-precandidato-a-senador-y-presentacion-de-lista-de-concejales","status":"publish","type":"post","link":"https:\/\/armstrongyregion.com.ar\/diario\/armstrong-lanzamiento-de-campana-de-pablo-verdecchia-precandidato-a-senador-y-presentacion-de-lista-de-concejales\/","title":{"rendered":"Armstrong. Lanzamiento de Campa\u00f1a de  Pablo Verdecchia precandidato a Senador y presentaci\u00f3n de lista de concejales."},"content":{"rendered":"<p><a href=\"http:\/\/armstrongyregion.com.ar\/diario\/wp-content\/uploads\/2015\/03\/11073576_801832456571006_7359527148881290028_n.jpg\"><img loading=\"lazy\" decoding=\"async\" class=\"alignnone size-medium wp-image-1375\" src=\"http:\/\/armstrongyregion.com.ar\/diario\/wp-content\/uploads\/2015\/03\/11073576_801832456571006_7359527148881290028_n-300x199.jpg\" alt=\"Lanzamiento Verdecchia\" width=\"300\" height=\"199\" srcset=\"https:\/\/armstrongyregion.com.ar\/diario\/wp-content\/uploads\/2015\/03\/11073576_801832456571006_7359527148881290028_n-300x199.jpg 300w, https:\/\/armstrongyregion.com.ar\/diario\/wp-content\/uploads\/2015\/03\/11073576_801832456571006_7359527148881290028_n.jpg 751w\" sizes=\"auto, (max-width: 300px) 100vw, 300px\" \/><\/a>El pasado martes 17 de marzo a partir de las 21hs el Dr. Pablo Verdecchia realiz\u00f3 su lanzamiento de campa\u00f1a como pre candidato a senador, del mismo modo Daniela P\u00e9rez quien encabeza la lista de concejales del FPCyS hizo su parte dentro del proyecto que viene siendo gobierno desde hace 6 a\u00f1os.<br \/>\nEl lugar del encuentro fue el Club Social, donde simpatizantes y militantes se dieron cita para acompa\u00f1ar a los candidatos en esta nueva propuesta, a la cual asisti\u00f3 tambi\u00e9n el Diputado Maximiliano Pullaro respaldando a este sector del Frente Progresista C\u00edvico y Social.<br \/>\nEl intendente expreso estar muy emocionado cuando tomo la palabra, expresando que es la sociedad la que lo ha impulsado a esta candidatura.<br \/>\nVerdecchia, dijo a nuestro medio que desde hace un tiempo viene realizando un diagnostico del departamento, mirando a la gente, dialogando con la gente. \u00a8Yo vengo a ofrecerle al Departamento Belgrano una renovaci\u00f3n, de la forma de hacer pol\u00edtica, de cambiar la sociedad, esto se logra de a poco y con ejemplo. La gente lo que m\u00e1s quiere, lo que m\u00e1s pide es que estemos presente siempre, no que nos acordemos solo en \u00e9poca de campa\u00f1a\u00a8.<br \/>\nDaniela P\u00e9rez, expres\u00f3 estar muy satisfecha por el acompa\u00f1amiento, y \u00a8encabezar una lista adem\u00e1s de la responsabilidad, en lo personal es un desaf\u00edo doblemente m\u00e1s grande llevar al Frente Progresista C\u00edvico y Social al triunfo\u00a8.<br \/>\nTambi\u00e9n agreg\u00f3 que se siente muy bien acompa\u00f1ada por quienes la secundan, Alejandro Pertusati, Daiana Cadoppi, Mat\u00edas Maina, Melisa Strologo y Juan Manuel Rodr\u00edguez, lista integrada por j\u00f3venes que representan los distintos sectores de la ciudad.<\/p>\n","protected":false},"excerpt":{"rendered":"<p>El pasado martes 17 de marzo a partir de las 21hs el Dr. Pablo Verdecchia realiz\u00f3 su lanzamiento de campa\u00f1a como pre candidato a senador, del mismo modo Daniela P\u00e9rez quien encabeza la lista de concejales del FPCyS hizo su parte dentro del proyecto que viene siendo gobierno desde hace 6 a\u00f1os. El lugar del <a href=\"https:\/\/armstrongyregion.com.ar\/diario\/armstrong-lanzamiento-de-campana-de-pablo-verdecchia-precandidato-a-senador-y-presentacion-de-lista-de-concejales\/\" title=\"Read more\" >&#8230;<\/a><\/p>\n","protected":false},"author":2,"featured_media":1375,"comment_status":"open","ping_status":"open","sticky":false,"template":"","format":"standard","meta":{"_jetpack_memberships_contains_paid_content":false,"footnotes":"","jetpack_publicize_message":"","jetpack_publicize_feature_enabled":true,"jetpack_social_post_already_shared":false,"jetpack_social_options":{"image_generator_settings":{"template":"highway","default_image_id":0,"enabled":false},"version":2}},"categories":[1,2,7],"tags":[33,20,1206,845,19,36,828,1207,957,581,238,205,13],"class_list":["post-1374","post","type-post","status-publish","format-standard","has-post-thumbnail","hentry","category-diario-armstrong","category-locales","category-politica","tag-a","tag-armstrong","tag-campan","tag-concejales","tag-de","tag-lanzamiento","tag-lista","tag-pablo","tag-precandidato","tag-presentacion","tag-senador","tag-verdecchia","tag-y"],"jetpack_publicize_connections":[],"jetpack_featured_media_url":"https:\/\/armstrongyregion.com.ar\/diario\/wp-content\/uploads\/2015\/03\/11073576_801832456571006_7359527148881290028_n.jpg","jetpack_shortlink":"https:\/\/wp.me\/p62QDO-ma","jetpack_sharing_enabled":true,"amp_enabled":true,"_links":{"self":[{"href":"https:\/\/armstrongyregion.com.ar\/diario\/wp-json\/wp\/v2\/posts\/1374","targetHints":{"allow":["GET"]}}],"collection":[{"href":"https:\/\/armstrongyregion.com.ar\/diario\/wp-json\/wp\/v2\/posts"}],"about":[{"href":"https:\/\/armstrongyregion.com.ar\/diario\/wp-json\/wp\/v2\/types\/post"}],"author":[{"embeddable":true,"href":"https:\/\/armstrongyregion.com.ar\/diario\/wp-json\/wp\/v2\/users\/2"}],"replies":[{"embeddable":true,"href":"https:\/\/armstrongyregion.com.ar\/diario\/wp-json\/wp\/v2\/comments?post=1374"}],"version-history":[{"count":0,"href":"https:\/\/armstrongyregion.com.ar\/diario\/wp-json\/wp\/v2\/posts\/1374\/revisions"}],"wp:featuredmedia":[{"embeddable":true,"href":"https:\/\/armstrongyregion.com.ar\/diario\/wp-json\/wp\/v2\/media\/1375"}],"wp:attachment":[{"href":"https:\/\/armstrongyregion.com.ar\/diario\/wp-json\/wp\/v2\/media?parent=1374"}],"wp:term":[{"taxonomy":"category","embeddable":true,"href":"https:\/\/armstrongyregion.com.ar\/diario\/wp-json\/wp\/v2\/categories?post=1374"},{"taxonomy":"post_tag","embeddable":true,"href":"https:\/\/armstrongyregion.com.ar\/diario\/wp-json\/wp\/v2\/tags?post=1374"}],"curies":[{"name":"wp","href":"https:\/\/api.w.org\/{rel}","templated":true}]}}