{"id":1371,"date":"2015-03-18T04:13:39","date_gmt":"2015-03-18T04:13:39","guid":{"rendered":"https:\/\/armstrongyregion.com.ar\/diario\/?p=1371"},"modified":"2015-03-18T04:13:39","modified_gmt":"2015-03-18T04:13:39","slug":"la-lista-%c2%a8juntos-podemos%c2%a8-presenta-sus-propuestas","status":"publish","type":"post","link":"https:\/\/armstrongyregion.com.ar\/diario\/la-lista-%c2%a8juntos-podemos%c2%a8-presenta-sus-propuestas\/","title":{"rendered":"La lista \u00a8Juntos Podemos\u00a8 presenta sus propuestas."},"content":{"rendered":"<p><a href=\"http:\/\/armstrongyregion.com.ar\/diario\/wp-content\/uploads\/2015\/03\/grafica-gerardo3.jpg\"><img loading=\"lazy\" decoding=\"async\" class=\"alignnone size-full wp-image-1372\" src=\"http:\/\/armstrongyregion.com.ar\/diario\/wp-content\/uploads\/2015\/03\/grafica-gerardo3.jpg\" alt=\"grafica gerardo3\" width=\"200\" height=\"285\" \/><\/a>La lista que encabeza Gerardo Pavicic, el dia mi\u00e9rcoles 18 de marzo, en el local ubicado en calle Fischer 227 presenta sus propuestas junto a la lista de pre candidatos a concejal.<br \/>\nPavicic nos coment\u00f3 \u201cHacemos extensiva, a trav\u00e9s de este medio, la invitaci\u00f3n a todos los vecinos de Armstrong a escuchar nuestras propuestas. Nuestra campa\u00f1a se basa en propuestas y trabajo\u201d.<\/p>\n","protected":false},"excerpt":{"rendered":"<p>La lista que encabeza Gerardo Pavicic, el dia mi\u00e9rcoles 18 de marzo, en el local ubicado en calle Fischer 227 presenta sus propuestas junto a la lista de pre candidatos a concejal. Pavicic nos coment\u00f3 \u201cHacemos extensiva, a trav\u00e9s de este medio, la invitaci\u00f3n a todos los vecinos de Armstrong a escuchar nuestras propuestas. Nuestra <a href=\"https:\/\/armstrongyregion.com.ar\/diario\/la-lista-%c2%a8juntos-podemos%c2%a8-presenta-sus-propuestas\/\" title=\"Read more\" >&#8230;<\/a><\/p>\n","protected":false},"author":2,"featured_media":1372,"comment_status":"open","ping_status":"open","sticky":false,"template":"","format":"standard","meta":{"_jetpack_memberships_contains_paid_content":false,"footnotes":"","jetpack_publicize_message":"","jetpack_publicize_feature_enabled":true,"jetpack_social_post_already_shared":false,"jetpack_social_options":{"image_generator_settings":{"template":"highway","default_image_id":0,"enabled":false},"version":2}},"categories":[8,1,7],"tags":[1086,31,828,1205,861,362,35],"class_list":["post-1371","post","type-post","status-publish","format-standard","has-post-thumbnail","hentry","category-deliberando","category-diario-armstrong","category-politica","tag-juntos","tag-la","tag-lista","tag-podemos","tag-presenta","tag-propuestas","tag-su"],"jetpack_publicize_connections":[],"jetpack_featured_media_url":"https:\/\/armstrongyregion.com.ar\/diario\/wp-content\/uploads\/2015\/03\/grafica-gerardo3.jpg","jetpack_shortlink":"https:\/\/wp.me\/p62QDO-m7","jetpack_sharing_enabled":true,"amp_enabled":true,"_links":{"self":[{"href":"https:\/\/armstrongyregion.com.ar\/diario\/wp-json\/wp\/v2\/posts\/1371","targetHints":{"allow":["GET"]}}],"collection":[{"href":"https:\/\/armstrongyregion.com.ar\/diario\/wp-json\/wp\/v2\/posts"}],"about":[{"href":"https:\/\/armstrongyregion.com.ar\/diario\/wp-json\/wp\/v2\/types\/post"}],"author":[{"embeddable":true,"href":"https:\/\/armstrongyregion.com.ar\/diario\/wp-json\/wp\/v2\/users\/2"}],"replies":[{"embeddable":true,"href":"https:\/\/armstrongyregion.com.ar\/diario\/wp-json\/wp\/v2\/comments?post=1371"}],"version-history":[{"count":0,"href":"https:\/\/armstrongyregion.com.ar\/diario\/wp-json\/wp\/v2\/posts\/1371\/revisions"}],"wp:featuredmedia":[{"embeddable":true,"href":"https:\/\/armstrongyregion.com.ar\/diario\/wp-json\/wp\/v2\/media\/1372"}],"wp:attachment":[{"href":"https:\/\/armstrongyregion.com.ar\/diario\/wp-json\/wp\/v2\/media?parent=1371"}],"wp:term":[{"taxonomy":"category","embeddable":true,"href":"https:\/\/armstrongyregion.com.ar\/diario\/wp-json\/wp\/v2\/categories?post=1371"},{"taxonomy":"post_tag","embeddable":true,"href":"https:\/\/armstrongyregion.com.ar\/diario\/wp-json\/wp\/v2\/tags?post=1371"}],"curies":[{"name":"wp","href":"https:\/\/api.w.org\/{rel}","templated":true}]}}