{"id":13660,"date":"2017-07-09T23:04:47","date_gmt":"2017-07-09T23:04:47","guid":{"rendered":"https:\/\/armstrongyregion.com.ar\/diario\/?p=13660"},"modified":"2017-07-09T23:04:47","modified_gmt":"2017-07-09T23:04:47","slug":"la-independencia-se-construye-todos-los-dias-dijo-verdecchia","status":"publish","type":"post","link":"https:\/\/armstrongyregion.com.ar\/diario\/la-independencia-se-construye-todos-los-dias-dijo-verdecchia\/","title":{"rendered":"\u201cLa independencia se construye todos los d\u00edas\u00bb, dijo Verdecchia."},"content":{"rendered":"<p><a href=\"http:\/\/armstrongyregion.com.ar\/diario\/wp-content\/uploads\/2017\/07\/acto5-.jpg\"><img loading=\"lazy\" decoding=\"async\" class=\"alignnone size-medium wp-image-13661\" src=\"http:\/\/armstrongyregion.com.ar\/diario\/wp-content\/uploads\/2017\/07\/acto5--300x199.jpg\" alt=\"acto5-\" width=\"300\" height=\"199\" srcset=\"https:\/\/armstrongyregion.com.ar\/diario\/wp-content\/uploads\/2017\/07\/acto5--300x199.jpg 300w, https:\/\/armstrongyregion.com.ar\/diario\/wp-content\/uploads\/2017\/07\/acto5-.jpg 768w\" sizes=\"auto, (max-width: 300px) 100vw, 300px\" \/><\/a>Como estaba previsto, a partir de las 14,30hs se realiz\u00f3 un colorido acto por un nuevo aniversario de la Independencia de nuestro pa\u00eds en la Estaci\u00f3n M\u00e1s debido a las inclemencias clim\u00e1ticas.<\/p>\n<p><a href=\"http:\/\/armstrongyregion.com.ar\/diario\/wp-content\/uploads\/2017\/07\/acto-1-.jpg\"><img loading=\"lazy\" decoding=\"async\" class=\"alignnone size-medium wp-image-13662\" src=\"http:\/\/armstrongyregion.com.ar\/diario\/wp-content\/uploads\/2017\/07\/acto-1--300x107.jpg\" alt=\"acto-1-\" width=\"300\" height=\"107\" srcset=\"https:\/\/armstrongyregion.com.ar\/diario\/wp-content\/uploads\/2017\/07\/acto-1--300x107.jpg 300w, https:\/\/armstrongyregion.com.ar\/diario\/wp-content\/uploads\/2017\/07\/acto-1-.jpg 960w\" sizes=\"auto, (max-width: 300px) 100vw, 300px\" \/><\/a>El Himno Nacional fue interpretado por el Ensamble Folcl\u00f3rico del Conservatorio Municipal de M\u00fasica \u201cEnzo Vacchino\u201d, dirigido por el Maestro Cristian Guzm\u00e1n.<\/p>\n<p>Participaron tambi\u00e9n las comunidades educativas de la Escuela N\u00ba 635 Campo Spagnolo, del Jard\u00edn de Infantes N\u00ba 84 \u201cEl Aromo\u201d, de la Escuela N\u00ba 2100 \u201cGabriela Brimmer\u201d y el Grupo Juvenil del Estudio Integral de Danzas Folcl\u00f3ricas de \u201cEl Tropero\u201d.<\/p>\n<p>\u201cLa Independencia se construye todos los d\u00edas. Es algo as\u00ed como nuestra propia voluntad de ser lo que queremos ser y no lo que quieran otros. Independencia es saber fundamentalmente hacia donde vamos y c\u00f3mo hacemos para llegar\u201d afirm\u00f3 el intendente de Armstrong Dr. Pablo Verdecchia.<\/p>\n<p><a href=\"http:\/\/armstrongyregion.com.ar\/diario\/wp-content\/uploads\/2017\/07\/acto4-.jpg\"><img loading=\"lazy\" decoding=\"async\" class=\"alignnone size-medium wp-image-13663\" src=\"http:\/\/armstrongyregion.com.ar\/diario\/wp-content\/uploads\/2017\/07\/acto4--300x199.jpg\" alt=\"acto4-\" width=\"300\" height=\"199\" srcset=\"https:\/\/armstrongyregion.com.ar\/diario\/wp-content\/uploads\/2017\/07\/acto4--300x199.jpg 300w, https:\/\/armstrongyregion.com.ar\/diario\/wp-content\/uploads\/2017\/07\/acto4-.jpg 960w\" sizes=\"auto, (max-width: 300px) 100vw, 300px\" \/><\/a>En un mensaje en el que reivindic\u00f3 a los pr\u00f3ceres de 1816 por consolidar la libertad definitiva, el intendente dijo que \u201cla misi\u00f3n\u201d en la actualidad \u201ces crear el mejor futuro mir\u00e1ndonos en aquellas epopeyas que marcaron a fuego los destinos de la Argentina\u201d e hizo hincapi\u00e9 en que \u201caquellos personajes ilustres de nuestra historia nos dejaron un ejemplo y un legado que todo se puede lograr a trav\u00e9s de la palabra, a trav\u00e9s de los acuerdos y tambi\u00e9n de las luchas incondicionales\u201d.<\/p>\n<p>Por eso ante los vecinos que asistieron al acto y frente a las autoridades presentes remarc\u00f3 que \u201cno habr\u00e1 mejor homenaje que seguir sus pasos de continuar afianzando el ejercicio que propusieron, el de la libertad pol\u00edtica, c\u00edvica, religiosa y de pensamiento\u201d, e inst\u00f3 a continuar aprendiendo de los ejemplos de los patriotas porque entre otros aspectos, \u201cnos prepararemos para construir una Patria mejor. Ser\u00e1n los consensos y los acuerdos producto de discusiones constantes pero constructivas los que nos lleven a transitar esos caminos\u201d se\u00f1al\u00f3 el intendente.<\/p>\n<p>Tras el discurso del intendente se dio inicio a lo que fue una verdadera fiesta para la ciudad, integrantes de las instituciones mencionadas deleitaron a los presentes con bailes tradicionales.<\/p>\n<p>&nbsp;<\/p>\n","protected":false},"excerpt":{"rendered":"<p>Como estaba previsto, a partir de las 14,30hs se realiz\u00f3 un colorido acto por un nuevo aniversario de la Independencia de nuestro pa\u00eds en la Estaci\u00f3n M\u00e1s debido a las inclemencias clim\u00e1ticas. El Himno Nacional fue interpretado por el Ensamble Folcl\u00f3rico del Conservatorio Municipal de M\u00fasica \u201cEnzo Vacchino\u201d, dirigido por el Maestro Cristian Guzm\u00e1n. Participaron <a href=\"https:\/\/armstrongyregion.com.ar\/diario\/la-independencia-se-construye-todos-los-dias-dijo-verdecchia\/\" title=\"Read more\" >&#8230;<\/a><\/p>\n","protected":false},"author":1,"featured_media":13661,"comment_status":"open","ping_status":"open","sticky":false,"template":"","format":"standard","meta":{"_jetpack_memberships_contains_paid_content":false,"footnotes":"","jetpack_publicize_message":"","jetpack_publicize_feature_enabled":true,"jetpack_social_post_already_shared":false,"jetpack_social_options":{"image_generator_settings":{"template":"highway","default_image_id":0,"enabled":false},"version":2}},"categories":[8,1,2,7,3],"tags":[5652,20,5653,388,13],"class_list":["post-13660","post","type-post","status-publish","format-standard","has-post-thumbnail","hentry","category-deliberando","category-diario-armstrong","category-locales","category-politica","category-region","tag-la-independencia-se-construye-todos-los-dias","tag-armstrong","tag-dijo-verdecchia","tag-region-2","tag-y"],"jetpack_publicize_connections":[],"jetpack_featured_media_url":"https:\/\/armstrongyregion.com.ar\/diario\/wp-content\/uploads\/2017\/07\/acto5-.jpg","jetpack_shortlink":"https:\/\/wp.me\/p62QDO-3yk","jetpack_sharing_enabled":true,"amp_enabled":true,"_links":{"self":[{"href":"https:\/\/armstrongyregion.com.ar\/diario\/wp-json\/wp\/v2\/posts\/13660","targetHints":{"allow":["GET"]}}],"collection":[{"href":"https:\/\/armstrongyregion.com.ar\/diario\/wp-json\/wp\/v2\/posts"}],"about":[{"href":"https:\/\/armstrongyregion.com.ar\/diario\/wp-json\/wp\/v2\/types\/post"}],"author":[{"embeddable":true,"href":"https:\/\/armstrongyregion.com.ar\/diario\/wp-json\/wp\/v2\/users\/1"}],"replies":[{"embeddable":true,"href":"https:\/\/armstrongyregion.com.ar\/diario\/wp-json\/wp\/v2\/comments?post=13660"}],"version-history":[{"count":0,"href":"https:\/\/armstrongyregion.com.ar\/diario\/wp-json\/wp\/v2\/posts\/13660\/revisions"}],"wp:featuredmedia":[{"embeddable":true,"href":"https:\/\/armstrongyregion.com.ar\/diario\/wp-json\/wp\/v2\/media\/13661"}],"wp:attachment":[{"href":"https:\/\/armstrongyregion.com.ar\/diario\/wp-json\/wp\/v2\/media?parent=13660"}],"wp:term":[{"taxonomy":"category","embeddable":true,"href":"https:\/\/armstrongyregion.com.ar\/diario\/wp-json\/wp\/v2\/categories?post=13660"},{"taxonomy":"post_tag","embeddable":true,"href":"https:\/\/armstrongyregion.com.ar\/diario\/wp-json\/wp\/v2\/tags?post=13660"}],"curies":[{"name":"wp","href":"https:\/\/api.w.org\/{rel}","templated":true}]}}