{"id":13655,"date":"2017-07-09T21:35:06","date_gmt":"2017-07-09T21:35:06","guid":{"rendered":"https:\/\/armstrongyregion.com.ar\/diario\/?p=13655"},"modified":"2017-07-09T21:48:14","modified_gmt":"2017-07-09T21:48:14","slug":"canada-de-gomez-clerici-se-reunio-por-autoridades-por-la-planta-de-reciclado","status":"publish","type":"post","link":"https:\/\/armstrongyregion.com.ar\/diario\/canada-de-gomez-clerici-se-reunio-por-autoridades-por-la-planta-de-reciclado\/","title":{"rendered":"Ca\u00f1ada de G\u00f3mez. Clerici se reuni\u00f3 con autoridades por la planta de reciclado."},"content":{"rendered":"<p><a href=\"http:\/\/armstrongyregion.com.ar\/diario\/wp-content\/uploads\/2017\/07\/Clerici-recicla-.jpeg\"><img loading=\"lazy\" decoding=\"async\" class=\"alignnone size-medium wp-image-13656\" src=\"http:\/\/armstrongyregion.com.ar\/diario\/wp-content\/uploads\/2017\/07\/Clerici-recicla--300x169.jpeg\" alt=\"Clerici-recicla-\" width=\"300\" height=\"169\" srcset=\"https:\/\/armstrongyregion.com.ar\/diario\/wp-content\/uploads\/2017\/07\/Clerici-recicla--300x169.jpeg 300w, https:\/\/armstrongyregion.com.ar\/diario\/wp-content\/uploads\/2017\/07\/Clerici-recicla-.jpeg 768w\" sizes=\"auto, (max-width: 300px) 100vw, 300px\" \/><\/a>Desde la Asociaci\u00f3n de Cooperativas destacaron el respaldo del municipio para que\u00a0 pueda concretar su primera planta industrial en Santa Fe con una inversi\u00f3n que supera los 8 millones de d\u00f3lares y emplea mano de obra local.<\/p>\n<p>La intendenta Stella Cl\u00e9rici recibi\u00f3 en su despacho a autoridades de la Asociaci\u00f3n de Cooperativas Argentinas, previo a que comience a trabajar, orientada al cuidado del medio ambiente, en el recupero de pl\u00e1sticos utilizados en la actividad agropecuaria.<br \/>\nCl\u00e9rici se comprometi\u00f3 a seguir acompa\u00f1ando a ACA en las diferentes gestiones de promoci\u00f3n industrial destacando que \u201ceste fant\u00e1stico proyecto tiene\u00a0 que ver con una Ca\u00f1ada m\u00e1s verde y se suma a diferentes acciones que se vienen realizando desde el municipio como la nueva planta de tratamiento de residuos\u201d.<br \/>\nPor su parte desde la empresa agradecieron el apoyo de la gesti\u00f3n municipal para que sea una realidad la primera planta industrial\u00a0 en Santa Fe. \u201cEstamos en fase de puesta en marcha y un mes estaremos en fase operaci\u00f3n con una inversi\u00f3n de m\u00e1s de ocho millones de d\u00f3lares y el empleo de cincuenta personas de manera directa e indirecta. En todo nuestro proceso\u00a0 de radicaci\u00f3n fue de suma importancia el apoyo de la municipalidad a este proyecto\u201d, concluyeron.<\/p>\n","protected":false},"excerpt":{"rendered":"<p>Desde la Asociaci\u00f3n de Cooperativas destacaron el respaldo del municipio para que\u00a0 pueda concretar su primera planta industrial en Santa Fe con una inversi\u00f3n que supera los 8 millones de d\u00f3lares y emplea mano de obra local. La intendenta Stella Cl\u00e9rici recibi\u00f3 en su despacho a autoridades de la Asociaci\u00f3n de Cooperativas Argentinas, previo a <a href=\"https:\/\/armstrongyregion.com.ar\/diario\/canada-de-gomez-clerici-se-reunio-por-autoridades-por-la-planta-de-reciclado\/\" title=\"Read more\" >&#8230;<\/a><\/p>\n","protected":false},"author":1,"featured_media":13656,"comment_status":"open","ping_status":"open","sticky":false,"template":"","format":"standard","meta":{"_jetpack_memberships_contains_paid_content":false,"footnotes":"","jetpack_publicize_message":"","jetpack_publicize_feature_enabled":true,"jetpack_social_post_already_shared":false,"jetpack_social_options":{"image_generator_settings":{"template":"highway","default_image_id":0,"enabled":false},"version":2}},"categories":[1,7,3],"tags":[5651],"class_list":["post-13655","post","type-post","status-publish","format-standard","has-post-thumbnail","hentry","category-diario-armstrong","category-politica","category-region","tag-canada-de-gomez-clerici-se-reunio-por-autoridades-por-la-planta-de-reciclado"],"jetpack_publicize_connections":[],"jetpack_featured_media_url":"https:\/\/armstrongyregion.com.ar\/diario\/wp-content\/uploads\/2017\/07\/Clerici-recicla-.jpeg","jetpack_shortlink":"https:\/\/wp.me\/p62QDO-3yf","jetpack_sharing_enabled":true,"amp_enabled":true,"_links":{"self":[{"href":"https:\/\/armstrongyregion.com.ar\/diario\/wp-json\/wp\/v2\/posts\/13655","targetHints":{"allow":["GET"]}}],"collection":[{"href":"https:\/\/armstrongyregion.com.ar\/diario\/wp-json\/wp\/v2\/posts"}],"about":[{"href":"https:\/\/armstrongyregion.com.ar\/diario\/wp-json\/wp\/v2\/types\/post"}],"author":[{"embeddable":true,"href":"https:\/\/armstrongyregion.com.ar\/diario\/wp-json\/wp\/v2\/users\/1"}],"replies":[{"embeddable":true,"href":"https:\/\/armstrongyregion.com.ar\/diario\/wp-json\/wp\/v2\/comments?post=13655"}],"version-history":[{"count":0,"href":"https:\/\/armstrongyregion.com.ar\/diario\/wp-json\/wp\/v2\/posts\/13655\/revisions"}],"wp:featuredmedia":[{"embeddable":true,"href":"https:\/\/armstrongyregion.com.ar\/diario\/wp-json\/wp\/v2\/media\/13656"}],"wp:attachment":[{"href":"https:\/\/armstrongyregion.com.ar\/diario\/wp-json\/wp\/v2\/media?parent=13655"}],"wp:term":[{"taxonomy":"category","embeddable":true,"href":"https:\/\/armstrongyregion.com.ar\/diario\/wp-json\/wp\/v2\/categories?post=13655"},{"taxonomy":"post_tag","embeddable":true,"href":"https:\/\/armstrongyregion.com.ar\/diario\/wp-json\/wp\/v2\/tags?post=13655"}],"curies":[{"name":"wp","href":"https:\/\/api.w.org\/{rel}","templated":true}]}}