{"id":13596,"date":"2017-07-05T13:47:20","date_gmt":"2017-07-05T13:47:20","guid":{"rendered":"https:\/\/armstrongyregion.com.ar\/diario\/?p=13596"},"modified":"2017-07-05T13:47:20","modified_gmt":"2017-07-05T13:47:20","slug":"lifschitz-dijo-que-boasso-fue-proscripto-y-critico-a-cambiemos","status":"publish","type":"post","link":"https:\/\/armstrongyregion.com.ar\/diario\/lifschitz-dijo-que-boasso-fue-proscripto-y-critico-a-cambiemos\/","title":{"rendered":"Lifschitz dijo que Boasso fue \u00abproscripto\u00bb y critic\u00f3 a Cambiemos."},"content":{"rendered":"<p><a href=\"http:\/\/armstrongyregion.com.ar\/diario\/wp-content\/uploads\/2017\/07\/lifschitz1.jpg_1305449671.jpg\"><img loading=\"lazy\" decoding=\"async\" class=\"alignnone size-medium wp-image-13597\" src=\"http:\/\/armstrongyregion.com.ar\/diario\/wp-content\/uploads\/2017\/07\/lifschitz1.jpg_1305449671-300x169.jpg\" alt=\"lifschitz1.jpg_1305449671\" width=\"300\" height=\"169\" srcset=\"https:\/\/armstrongyregion.com.ar\/diario\/wp-content\/uploads\/2017\/07\/lifschitz1.jpg_1305449671-300x169.jpg 300w, https:\/\/armstrongyregion.com.ar\/diario\/wp-content\/uploads\/2017\/07\/lifschitz1.jpg_1305449671.jpg 768w\" sizes=\"auto, (max-width: 300px) 100vw, 300px\" \/><\/a>El gobernador aval\u00f3 la postura del concejal rosarino, que no podr\u00e1 competir en la interna del oficialismo nacional. Advirti\u00f3 sobre el ajuste que vendr\u00e1 despu\u00e9s de los comicios<\/p>\n<p>El gobernador Miguel Lifschitz se convirti\u00f3 en inesperado aliado del dirigente ultraopositor rosarino Jorge Boasso, al considerar que el rosarino fue \u201cproscripto\u201d por Cambiemos, al no poder participar como candidato a diputado en la interna del oficialismo nacional. No fue la \u00fanica cr\u00edtica del mandatario al PRO: tambi\u00e9n desliz\u00f3 que si ya se est\u00e1n produciendo ajustes ahora, en tiempos preelectorales, lo que se vendr\u00e1 despu\u00e9s de las elecciones ser\u00e1n medidas restrictivas fuertes.<\/p>\n<p>Lifschitz defendi\u00f3 el sistema de las primarias abiertas y obligatorias y mencion\u00f3 que en Santa Fe, por caso, hay internas en el justicialismo, en el Frente Progresista e incluso en Cambiemos en la ciudad de Rosario. Fue entonces cuando apareci\u00f3 el tema Boasso: \u201cEn Cambiemos a nivel provincial no hay primarias porque han proscripto a una de las dos listas\u201d.<\/p>\n<p>Justamente esa, que ha sido proscripto, es la denuncia de Boasso, a quien le impidieron competir con la lista que encabeza Albor Cantard con el argumento de que hab\u00eda irregularidades con los avales, aunque esos avales son los mismos con que la Justicia electoral le permite competir por fuera del oficialismo nacional, en el partido Unite.<\/p>\n<p>Para Lifschitz eso es \u201cclaramente\u201d una proscripci\u00f3n. \u201cNunca que yo recuerde se ha dejado de habilitar una lista porque haya algunos avales que aparentemente no son de las personas que aparecen firmando. Los avales los recolectan los militantes en distintos pueblos. Siempre puede haber una desprolijidad. Las a habido en todas las elecciones, todas las listas\u201d, dijo el gobernador. Y sostuvo que \u201cla competencia interna enriquece la vida de los partidos\u201d.<\/p>\n<p>Consultado sobre lo que puede venir despu\u00e9s de los comicios, advirti\u00f3: \u201cSi alguna medida de ajuste se toma ahora en tiempos preelectorales (Pami, pensiones, gastos de salud), c\u00f3mo no tener temor de que despu\u00e9s pueda ser m\u00e1s importante\u201d.<\/p>\n<p>Rosario3.com<\/p>\n","protected":false},"excerpt":{"rendered":"<p>El gobernador aval\u00f3 la postura del concejal rosarino, que no podr\u00e1 competir en la interna del oficialismo nacional. Advirti\u00f3 sobre el ajuste que vendr\u00e1 despu\u00e9s de los comicios El gobernador Miguel Lifschitz se convirti\u00f3 en inesperado aliado del dirigente ultraopositor rosarino Jorge Boasso, al considerar que el rosarino fue \u201cproscripto\u201d por Cambiemos, al no poder <a href=\"https:\/\/armstrongyregion.com.ar\/diario\/lifschitz-dijo-que-boasso-fue-proscripto-y-critico-a-cambiemos\/\" title=\"Read more\" >&#8230;<\/a><\/p>\n","protected":false},"author":1,"featured_media":13597,"comment_status":"open","ping_status":"open","sticky":false,"template":"","format":"standard","meta":{"_jetpack_memberships_contains_paid_content":false,"footnotes":"","jetpack_publicize_message":"","jetpack_publicize_feature_enabled":true,"jetpack_social_post_already_shared":false,"jetpack_social_options":{"image_generator_settings":{"template":"highway","default_image_id":0,"enabled":false},"version":2}},"categories":[8,1,7,3],"tags":[5639],"class_list":["post-13596","post","type-post","status-publish","format-standard","has-post-thumbnail","hentry","category-deliberando","category-diario-armstrong","category-politica","category-region","tag-lifschitz-dijo-que-boasso-fue-proscripto-y-critico-a-cambiemos"],"jetpack_publicize_connections":[],"jetpack_featured_media_url":"https:\/\/armstrongyregion.com.ar\/diario\/wp-content\/uploads\/2017\/07\/lifschitz1.jpg_1305449671.jpg","jetpack_shortlink":"https:\/\/wp.me\/p62QDO-3xi","jetpack_sharing_enabled":true,"amp_enabled":true,"_links":{"self":[{"href":"https:\/\/armstrongyregion.com.ar\/diario\/wp-json\/wp\/v2\/posts\/13596","targetHints":{"allow":["GET"]}}],"collection":[{"href":"https:\/\/armstrongyregion.com.ar\/diario\/wp-json\/wp\/v2\/posts"}],"about":[{"href":"https:\/\/armstrongyregion.com.ar\/diario\/wp-json\/wp\/v2\/types\/post"}],"author":[{"embeddable":true,"href":"https:\/\/armstrongyregion.com.ar\/diario\/wp-json\/wp\/v2\/users\/1"}],"replies":[{"embeddable":true,"href":"https:\/\/armstrongyregion.com.ar\/diario\/wp-json\/wp\/v2\/comments?post=13596"}],"version-history":[{"count":0,"href":"https:\/\/armstrongyregion.com.ar\/diario\/wp-json\/wp\/v2\/posts\/13596\/revisions"}],"wp:featuredmedia":[{"embeddable":true,"href":"https:\/\/armstrongyregion.com.ar\/diario\/wp-json\/wp\/v2\/media\/13597"}],"wp:attachment":[{"href":"https:\/\/armstrongyregion.com.ar\/diario\/wp-json\/wp\/v2\/media?parent=13596"}],"wp:term":[{"taxonomy":"category","embeddable":true,"href":"https:\/\/armstrongyregion.com.ar\/diario\/wp-json\/wp\/v2\/categories?post=13596"},{"taxonomy":"post_tag","embeddable":true,"href":"https:\/\/armstrongyregion.com.ar\/diario\/wp-json\/wp\/v2\/tags?post=13596"}],"curies":[{"name":"wp","href":"https:\/\/api.w.org\/{rel}","templated":true}]}}