{"id":13585,"date":"2017-07-04T11:47:13","date_gmt":"2017-07-04T11:47:13","guid":{"rendered":"https:\/\/armstrongyregion.com.ar\/diario\/?p=13585"},"modified":"2017-07-04T11:47:13","modified_gmt":"2017-07-04T11:47:13","slug":"este-martes-en-deliberando-temas-que-hacen-a-la-politica-del-departamento-belgrano","status":"publish","type":"post","link":"https:\/\/armstrongyregion.com.ar\/diario\/este-martes-en-deliberando-temas-que-hacen-a-la-politica-del-departamento-belgrano\/","title":{"rendered":"Este martes en  DELIBERANDO temas que hacen a la pol\u00edtica del departamento Belgrano."},"content":{"rendered":"<p><a href=\"http:\/\/armstrongyregion.com.ar\/diario\/wp-content\/uploads\/2017\/07\/DSC_0602.jpg\"><img loading=\"lazy\" decoding=\"async\" class=\"alignnone size-medium wp-image-13586\" src=\"http:\/\/armstrongyregion.com.ar\/diario\/wp-content\/uploads\/2017\/07\/DSC_0602-300x200.jpg\" alt=\"Fischer-Augusto-\" width=\"300\" height=\"200\" srcset=\"https:\/\/armstrongyregion.com.ar\/diario\/wp-content\/uploads\/2017\/07\/DSC_0602-300x200.jpg 300w, https:\/\/armstrongyregion.com.ar\/diario\/wp-content\/uploads\/2017\/07\/DSC_0602-1024x683.jpg 1024w\" sizes=\"auto, (max-width: 300px) 100vw, 300px\" \/><\/a>Armstrong este a\u00f1o tendr\u00e1 elecciones para elegir intendente y renovar concejales. Un experiente pol\u00edtico local Augusto Fischer, ira por ese sill\u00f3n para modificar, seg\u00fan su criterio, lo que se viene haciendo hasta ahora. Se presenta en sociedad el candidato a primer concejal Guillermo Marconi, quien marca las razones por las cuales acompa\u00f1a a Fischer, en la linea denominada ES TIEMPO DE HACER.<\/p>\n<p><a href=\"http:\/\/armstrongyregion.com.ar\/diario\/wp-content\/uploads\/2017\/07\/Alberto-Crossetti-.jpg\"><img loading=\"lazy\" decoding=\"async\" class=\"alignnone size-medium wp-image-13587\" src=\"http:\/\/armstrongyregion.com.ar\/diario\/wp-content\/uploads\/2017\/07\/Alberto-Crossetti--300x200.jpg\" alt=\"Alberto-Crossetti-\" width=\"300\" height=\"200\" srcset=\"https:\/\/armstrongyregion.com.ar\/diario\/wp-content\/uploads\/2017\/07\/Alberto-Crossetti--300x200.jpg 300w, https:\/\/armstrongyregion.com.ar\/diario\/wp-content\/uploads\/2017\/07\/Alberto-Crossetti-.jpg 768w\" sizes=\"auto, (max-width: 300px) 100vw, 300px\" \/><\/a>Una publicaci\u00f3n period\u00edstica de la ciudad de Rosario marcaba a Alberto Crossetti, ex senador departamental, como investigado por razones inherentes a su patrimonio personal y vinculaciones a otro il\u00edcitos, aclara su verdadera situaci\u00f3n.<\/p>\n<p><a href=\"http:\/\/armstrongyregion.com.ar\/diario\/wp-content\/uploads\/2017\/07\/Rostagno-montapponi-.jpg\"><img loading=\"lazy\" decoding=\"async\" class=\"alignnone size-medium wp-image-13588\" src=\"http:\/\/armstrongyregion.com.ar\/diario\/wp-content\/uploads\/2017\/07\/Rostagno-montapponi--300x200.jpg\" alt=\"Rostagno-montapponi-\" width=\"300\" height=\"200\" srcset=\"https:\/\/armstrongyregion.com.ar\/diario\/wp-content\/uploads\/2017\/07\/Rostagno-montapponi--300x200.jpg 300w, https:\/\/armstrongyregion.com.ar\/diario\/wp-content\/uploads\/2017\/07\/Rostagno-montapponi-.jpg 768w\" sizes=\"auto, (max-width: 300px) 100vw, 300px\" \/><\/a>Otra lista que responde al justicialismo lleva como candidatos a concejales Leonardo Rostagno y Ariel Montaponi, bajo la denominaci\u00f3n de Unidos Por Armstrong. Rostagno en busca de seguir con su banca y trabajando en favor de los necesitados estar\u00e1 acompa\u00f1ado de una figura que ya pas\u00f3 por ese cuerpo deliberativo y desea aportar su impronta que pudo desarrollar en este lapso que estuvo fuera del concejo.<\/p>\n<p>Todo esto este martes en DELIBERANDO, con la conducci\u00f3n de la licenciada Graciela de la Casa- Oscar Crispino- Ezequiel Piccoli.<\/p>\n<p>21hs CABLE IMAGEN ARMSTRONG.<\/p>\n<p>&nbsp;<\/p>\n","protected":false},"excerpt":{"rendered":"<p>Armstrong este a\u00f1o tendr\u00e1 elecciones para elegir intendente y renovar concejales. Un experiente pol\u00edtico local Augusto Fischer, ira por ese sill\u00f3n para modificar, seg\u00fan su criterio, lo que se viene haciendo hasta ahora. Se presenta en sociedad el candidato a primer concejal Guillermo Marconi, quien marca las razones por las cuales acompa\u00f1a a Fischer, en <a href=\"https:\/\/armstrongyregion.com.ar\/diario\/este-martes-en-deliberando-temas-que-hacen-a-la-politica-del-departamento-belgrano\/\" title=\"Read more\" >&#8230;<\/a><\/p>\n","protected":false},"author":1,"featured_media":13586,"comment_status":"open","ping_status":"open","sticky":false,"template":"","format":"standard","meta":{"_jetpack_memberships_contains_paid_content":false,"footnotes":"","jetpack_publicize_message":"","jetpack_publicize_feature_enabled":true,"jetpack_social_post_already_shared":false,"jetpack_social_options":{"image_generator_settings":{"template":"highway","default_image_id":0,"enabled":false},"version":2}},"categories":[8,1,2,7,3],"tags":[5635],"class_list":["post-13585","post","type-post","status-publish","format-standard","has-post-thumbnail","hentry","category-deliberando","category-diario-armstrong","category-locales","category-politica","category-region","tag-este-martes-en-deliberando-temas-que-hacen-a-la-politica-del-departamento-belgrano"],"jetpack_publicize_connections":[],"jetpack_featured_media_url":"https:\/\/armstrongyregion.com.ar\/diario\/wp-content\/uploads\/2017\/07\/DSC_0602.jpg","jetpack_shortlink":"https:\/\/wp.me\/p62QDO-3x7","jetpack_sharing_enabled":true,"amp_enabled":true,"_links":{"self":[{"href":"https:\/\/armstrongyregion.com.ar\/diario\/wp-json\/wp\/v2\/posts\/13585","targetHints":{"allow":["GET"]}}],"collection":[{"href":"https:\/\/armstrongyregion.com.ar\/diario\/wp-json\/wp\/v2\/posts"}],"about":[{"href":"https:\/\/armstrongyregion.com.ar\/diario\/wp-json\/wp\/v2\/types\/post"}],"author":[{"embeddable":true,"href":"https:\/\/armstrongyregion.com.ar\/diario\/wp-json\/wp\/v2\/users\/1"}],"replies":[{"embeddable":true,"href":"https:\/\/armstrongyregion.com.ar\/diario\/wp-json\/wp\/v2\/comments?post=13585"}],"version-history":[{"count":0,"href":"https:\/\/armstrongyregion.com.ar\/diario\/wp-json\/wp\/v2\/posts\/13585\/revisions"}],"wp:featuredmedia":[{"embeddable":true,"href":"https:\/\/armstrongyregion.com.ar\/diario\/wp-json\/wp\/v2\/media\/13586"}],"wp:attachment":[{"href":"https:\/\/armstrongyregion.com.ar\/diario\/wp-json\/wp\/v2\/media?parent=13585"}],"wp:term":[{"taxonomy":"category","embeddable":true,"href":"https:\/\/armstrongyregion.com.ar\/diario\/wp-json\/wp\/v2\/categories?post=13585"},{"taxonomy":"post_tag","embeddable":true,"href":"https:\/\/armstrongyregion.com.ar\/diario\/wp-json\/wp\/v2\/tags?post=13585"}],"curies":[{"name":"wp","href":"https:\/\/api.w.org\/{rel}","templated":true}]}}