{"id":13574,"date":"2017-07-03T10:57:51","date_gmt":"2017-07-03T10:57:51","guid":{"rendered":"https:\/\/armstrongyregion.com.ar\/diario\/?p=13574"},"modified":"2017-07-03T11:10:58","modified_gmt":"2017-07-03T11:10:58","slug":"canada-de-gomez-docientos-estudiantes-vivieron-la-v-edicion-de-cortos-72-horas","status":"publish","type":"post","link":"https:\/\/armstrongyregion.com.ar\/diario\/canada-de-gomez-docientos-estudiantes-vivieron-la-v-edicion-de-cortos-72-horas\/","title":{"rendered":"Ca\u00f1ada de G\u00f3mez. Doscientos estudiantes vivieron la V edici\u00f3n de cortos 72 horas."},"content":{"rendered":"<p><a href=\"http:\/\/armstrongyregion.com.ar\/diario\/wp-content\/uploads\/2017\/07\/cortos-.jpg\"><img loading=\"lazy\" decoding=\"async\" class=\"alignnone size-medium wp-image-13575\" src=\"http:\/\/armstrongyregion.com.ar\/diario\/wp-content\/uploads\/2017\/07\/cortos--300x164.jpg\" alt=\"cortos-armstrong-y-Region-\" width=\"300\" height=\"164\" srcset=\"https:\/\/armstrongyregion.com.ar\/diario\/wp-content\/uploads\/2017\/07\/cortos--300x164.jpg 300w, https:\/\/armstrongyregion.com.ar\/diario\/wp-content\/uploads\/2017\/07\/cortos-.jpg 768w\" sizes=\"auto, (max-width: 300px) 100vw, 300px\" \/><\/a>El\u00a0 domingo 30 de julio se estrenar\u00e1n las diez producciones en Teatro Verdi y luego un jurado especializado elegir\u00e1 al Mejor Cortometraje 2017.<\/p>\n<p>La Municipalidad de Ca\u00f1ada de G\u00f3mez llev\u00f3 adelante la quinta edici\u00f3n de Cortos 72 Horas con la participaci\u00f3n de doscientos estudiantes y cuarenta realizadores, que en el lapso de tan solo tres d\u00edas realizaron diez cortometrajes, atravesando todas las etapas de una producci\u00f3n audiovisual profesional.<br \/>\nEl pr\u00f3ximo 30 de julio tendr\u00e1 lugar el Festival Cortos 72 Horas en Teatro Verdi, con el estreno de\u00a0 diez producciones in\u00e9ditas surgidas de esta experiencia, donde participaron integrados en distintos equipos estudiantes de todas las escuelas de la ciudad. \u00abEste es un proyecto de vanguardia que por sus caracter\u00edsticas es \u00fanico en Latinoam\u00e9rica. Por eso desde la gesti\u00f3n a\u00f1o a a\u00f1o lo fortalecemos para que siga creciendo\u00bb, manifest\u00f3 la intendenta Stella Cl\u00e9rici en una de sus visitas durante las jornadas.<br \/>\nCabe se\u00f1alar que una vez estrenadas las diez producciones, un jurado de especialistas elegir\u00e1 al Mejor Cortometraje 2017. En reconocimiento la Municipalidad, por tercer a\u00f1o consecutivo, reconocer\u00e1 al equipo de estudiantes autor del corto ganador, con un viaje educativo-recreativo al Festival Internacional de Cine de Mar del Plata.<br \/>\n\u00abEn esta quinta edici\u00f3n hay un nuevo salto de calidad en las producciones, dignas de competir en muchos festivales nacionales e internacionales. Esto posiciona a la ciudad como un incipiente polo de producci\u00f3n audiovisual en plena expansi\u00f3n. Pero adem\u00e1s significa una instancia de integraci\u00f3n comunitaria sin igual. Durante los d\u00edas de Cortos 72 Horas toda la comunidad se pone en sinton\u00eda; familias, amigos, artistas, negocios, autoridades, cada uno aporta desde una locaci\u00f3n, recurso t\u00e9cnico, hasta poner el cuerpo en alg\u00fan papel. Se trata de una verdadera revoluci\u00f3n audiovisual\u00bb, resumieron entusiasmados desde la organizaci\u00f3n.<\/p>\n","protected":false},"excerpt":{"rendered":"<p>El\u00a0 domingo 30 de julio se estrenar\u00e1n las diez producciones en Teatro Verdi y luego un jurado especializado elegir\u00e1 al Mejor Cortometraje 2017. La Municipalidad de Ca\u00f1ada de G\u00f3mez llev\u00f3 adelante la quinta edici\u00f3n de Cortos 72 Horas con la participaci\u00f3n de doscientos estudiantes y cuarenta realizadores, que en el lapso de tan solo tres <a href=\"https:\/\/armstrongyregion.com.ar\/diario\/canada-de-gomez-docientos-estudiantes-vivieron-la-v-edicion-de-cortos-72-horas\/\" title=\"Read more\" >&#8230;<\/a><\/p>\n","protected":false},"author":1,"featured_media":13575,"comment_status":"open","ping_status":"open","sticky":false,"template":"","format":"standard","meta":{"_jetpack_memberships_contains_paid_content":false,"footnotes":"","jetpack_publicize_message":"","jetpack_publicize_feature_enabled":true,"jetpack_social_post_already_shared":false,"jetpack_social_options":{"image_generator_settings":{"template":"highway","default_image_id":0,"enabled":false},"version":2}},"categories":[6,1,3],"tags":[5631],"class_list":["post-13574","post","type-post","status-publish","format-standard","has-post-thumbnail","hentry","category-cultura-entretenimiento","category-diario-armstrong","category-region","tag-canada-de-gomez-docientos-estudiantes-vivieron-la-v-edicion-de-cortos-72-horas"],"jetpack_publicize_connections":[],"jetpack_featured_media_url":"https:\/\/armstrongyregion.com.ar\/diario\/wp-content\/uploads\/2017\/07\/cortos-.jpg","jetpack_shortlink":"https:\/\/wp.me\/p62QDO-3wW","jetpack_sharing_enabled":true,"amp_enabled":true,"_links":{"self":[{"href":"https:\/\/armstrongyregion.com.ar\/diario\/wp-json\/wp\/v2\/posts\/13574","targetHints":{"allow":["GET"]}}],"collection":[{"href":"https:\/\/armstrongyregion.com.ar\/diario\/wp-json\/wp\/v2\/posts"}],"about":[{"href":"https:\/\/armstrongyregion.com.ar\/diario\/wp-json\/wp\/v2\/types\/post"}],"author":[{"embeddable":true,"href":"https:\/\/armstrongyregion.com.ar\/diario\/wp-json\/wp\/v2\/users\/1"}],"replies":[{"embeddable":true,"href":"https:\/\/armstrongyregion.com.ar\/diario\/wp-json\/wp\/v2\/comments?post=13574"}],"version-history":[{"count":0,"href":"https:\/\/armstrongyregion.com.ar\/diario\/wp-json\/wp\/v2\/posts\/13574\/revisions"}],"wp:featuredmedia":[{"embeddable":true,"href":"https:\/\/armstrongyregion.com.ar\/diario\/wp-json\/wp\/v2\/media\/13575"}],"wp:attachment":[{"href":"https:\/\/armstrongyregion.com.ar\/diario\/wp-json\/wp\/v2\/media?parent=13574"}],"wp:term":[{"taxonomy":"category","embeddable":true,"href":"https:\/\/armstrongyregion.com.ar\/diario\/wp-json\/wp\/v2\/categories?post=13574"},{"taxonomy":"post_tag","embeddable":true,"href":"https:\/\/armstrongyregion.com.ar\/diario\/wp-json\/wp\/v2\/tags?post=13574"}],"curies":[{"name":"wp","href":"https:\/\/api.w.org\/{rel}","templated":true}]}}