{"id":13527,"date":"2017-06-28T12:25:05","date_gmt":"2017-06-28T12:25:05","guid":{"rendered":"https:\/\/armstrongyregion.com.ar\/diario\/?p=13527"},"modified":"2017-06-28T12:25:05","modified_gmt":"2017-06-28T12:25:05","slug":"masterclass-el-lenguaje-de-la-orquesta","status":"publish","type":"post","link":"https:\/\/armstrongyregion.com.ar\/diario\/masterclass-el-lenguaje-de-la-orquesta\/","title":{"rendered":"Masterclass \u201cEl Lenguaje de la Orquesta\u201d."},"content":{"rendered":"<p><a href=\"http:\/\/armstrongyregion.com.ar\/diario\/wp-content\/uploads\/2017\/06\/MASTERCLASS-ADRIANA-TANUS.jpg\"><img loading=\"lazy\" decoding=\"async\" class=\"alignnone size-medium wp-image-13528\" src=\"http:\/\/armstrongyregion.com.ar\/diario\/wp-content\/uploads\/2017\/06\/MASTERCLASS-ADRIANA-TANUS-300x205.jpg\" alt=\"MASTERCLASS ADRIANA TANUS\" width=\"300\" height=\"205\" srcset=\"https:\/\/armstrongyregion.com.ar\/diario\/wp-content\/uploads\/2017\/06\/MASTERCLASS-ADRIANA-TANUS-300x205.jpg 300w, https:\/\/armstrongyregion.com.ar\/diario\/wp-content\/uploads\/2017\/06\/MASTERCLASS-ADRIANA-TANUS.jpg 768w\" sizes=\"auto, (max-width: 300px) 100vw, 300px\" \/><\/a>La Municipalidad de Armstrong a trav\u00e9s de la Secretar\u00eda de Educaci\u00f3n, Cultura y Deporte y el Conservatorio Municipal de M\u00fasica \u201cEnzo Vacchino\u201d invitan a participar de la masterclass titulada \u201cEl Lenguaje de la Orquesta\u201d que se ofrecer\u00e1 los d\u00edas lunes 3 y martes 4 de julio pr\u00f3ximos.<\/p>\n<p>La responsable ser\u00e1 la Maestra Adriana Tanus, Directora de la Orquesta Joven Europea de Madrid. Con una innegable proyecci\u00f3n internacional unida a su profundo deseo por comunicarse a trav\u00e9s de la m\u00fasica y su ense\u00f1anza, Adriana Tanus inicia su trayectoria musical con el violonchelo. Formada en los conservatorios de Madrid, Zaragoza, y Par\u00eds. Licenciada en Direcci\u00f3n de Orquesta por el Associated Board of the Royal Schools of Music, ha fundado la Orquesta Joven Europea de Madrid y la Orquesta Mundial de los Liceos Franceses, formaciones a las que dirige regularmente en salas como el Auditorio Nacional de Madrid, el Studio 104 de la Casa de Radio Difusi\u00f3n Francesa o el Teatro Monumental, entre otras. Distinguida por la Comisi\u00f3n Europea, ofreci\u00f3 un concierto en el Palacio Real de Madrid ante la presencia de SSMM Los Reyes de Espa\u00f1a y las autoridades europeas para conmemorar el 30 aniversario de la entrada de Espa\u00f1a en la Union Europea.<\/p>\n<p>Convencida que la m\u00fasica es un lenguaje com\u00fan y universal, enfoca toda su energ\u00eda y pasi\u00f3n en diferentes proyectos internacionales, siempre al servicio de su labor de difusi\u00f3n de la m\u00fasica como punto de encuentro entre las culturas. En se\u00f1al de reconocimiento a su incesante labor, y destacando la constante voluntad de derribar fronteras entre j\u00f3venes m\u00fasicos de los cinco continentes, el estado franc\u00e9s le otorga la Medalla \u201cChevalier de l\u2019Ordre des Palmes Academiques\u201d en 2016.<\/p>\n<p>Esta masterclass comenzar\u00e1 ambos d\u00edas a las 19:30 hs. y se desarrollar\u00e1 en la sala Delmo Dar\u00f3, ubicada en calle San Mart\u00edn 1565 de la ciudad de Armstrong, Santa Fe, Argentina.<\/p>\n<p>Est\u00e1 dirigida a directores de orquestas, bandas, coros, estudiantes de m\u00fasica de nivel inicial, intermedio y avanzado, profesores de m\u00fasica y m\u00fasicos profesionales. Tambi\u00e9n pueden participar m\u00fasicos que no posean conocimientos previos de m\u00fasica, tales como lectura de pentagrama, cifrado, armon\u00eda, etc.<\/p>\n<p>La masterclass es grupal con interacci\u00f3n permanente entre todos los participantes a trav\u00e9s preguntas, opiniones e intercambio de experiencias, y el objetivo de la misma es desarrollar la creatividad y la libertad de expresi\u00f3n, aprender y\/o perfeccionar las metodolog\u00edas y t\u00e9cnicas de la interpretaci\u00f3n musical aplicables a todos los g\u00e9neros y estilos de m\u00fasica.<\/p>\n<p>Informes e inscripci\u00f3n en: <a href=\"mailto:conservatorio.armstrong@gmail.com\">conservatorio.armstrong@gmail.com<\/a>.<\/p>\n<p>&nbsp;<\/p>\n<p>&nbsp;<\/p>\n","protected":false},"excerpt":{"rendered":"<p>La Municipalidad de Armstrong a trav\u00e9s de la Secretar\u00eda de Educaci\u00f3n, Cultura y Deporte y el Conservatorio Municipal de M\u00fasica \u201cEnzo Vacchino\u201d invitan a participar de la masterclass titulada \u201cEl Lenguaje de la Orquesta\u201d que se ofrecer\u00e1 los d\u00edas lunes 3 y martes 4 de julio pr\u00f3ximos. La responsable ser\u00e1 la Maestra Adriana Tanus, Directora <a href=\"https:\/\/armstrongyregion.com.ar\/diario\/masterclass-el-lenguaje-de-la-orquesta\/\" title=\"Read more\" >&#8230;<\/a><\/p>\n","protected":false},"author":1,"featured_media":13528,"comment_status":"open","ping_status":"open","sticky":false,"template":"","format":"standard","meta":{"_jetpack_memberships_contains_paid_content":false,"footnotes":"","jetpack_publicize_message":"","jetpack_publicize_feature_enabled":true,"jetpack_social_post_already_shared":false,"jetpack_social_options":{"image_generator_settings":{"template":"highway","default_image_id":0,"enabled":false},"version":2}},"categories":[6,1,2,3],"tags":[20,5616,388,13],"class_list":["post-13527","post","type-post","status-publish","format-standard","has-post-thumbnail","hentry","category-cultura-entretenimiento","category-diario-armstrong","category-locales","category-region","tag-armstrong","tag-masterclass-el-lenguaje-de-la-orquesta","tag-region-2","tag-y"],"jetpack_publicize_connections":[],"jetpack_featured_media_url":"https:\/\/armstrongyregion.com.ar\/diario\/wp-content\/uploads\/2017\/06\/MASTERCLASS-ADRIANA-TANUS.jpg","jetpack_shortlink":"https:\/\/wp.me\/p62QDO-3wb","jetpack_sharing_enabled":true,"amp_enabled":true,"_links":{"self":[{"href":"https:\/\/armstrongyregion.com.ar\/diario\/wp-json\/wp\/v2\/posts\/13527","targetHints":{"allow":["GET"]}}],"collection":[{"href":"https:\/\/armstrongyregion.com.ar\/diario\/wp-json\/wp\/v2\/posts"}],"about":[{"href":"https:\/\/armstrongyregion.com.ar\/diario\/wp-json\/wp\/v2\/types\/post"}],"author":[{"embeddable":true,"href":"https:\/\/armstrongyregion.com.ar\/diario\/wp-json\/wp\/v2\/users\/1"}],"replies":[{"embeddable":true,"href":"https:\/\/armstrongyregion.com.ar\/diario\/wp-json\/wp\/v2\/comments?post=13527"}],"version-history":[{"count":0,"href":"https:\/\/armstrongyregion.com.ar\/diario\/wp-json\/wp\/v2\/posts\/13527\/revisions"}],"wp:featuredmedia":[{"embeddable":true,"href":"https:\/\/armstrongyregion.com.ar\/diario\/wp-json\/wp\/v2\/media\/13528"}],"wp:attachment":[{"href":"https:\/\/armstrongyregion.com.ar\/diario\/wp-json\/wp\/v2\/media?parent=13527"}],"wp:term":[{"taxonomy":"category","embeddable":true,"href":"https:\/\/armstrongyregion.com.ar\/diario\/wp-json\/wp\/v2\/categories?post=13527"},{"taxonomy":"post_tag","embeddable":true,"href":"https:\/\/armstrongyregion.com.ar\/diario\/wp-json\/wp\/v2\/tags?post=13527"}],"curies":[{"name":"wp","href":"https:\/\/api.w.org\/{rel}","templated":true}]}}