{"id":13524,"date":"2017-06-28T12:08:03","date_gmt":"2017-06-28T12:08:03","guid":{"rendered":"https:\/\/armstrongyregion.com.ar\/diario\/?p=13524"},"modified":"2017-06-28T12:08:03","modified_gmt":"2017-06-28T12:08:03","slug":"el-diputado-solis-hizo-un-aporte-de-calzado-para-la-escuela-n-262","status":"publish","type":"post","link":"https:\/\/armstrongyregion.com.ar\/diario\/el-diputado-solis-hizo-un-aporte-de-calzado-para-la-escuela-n-262\/","title":{"rendered":"El Diputado Sol\u00eds hizo un aporte de calzado para la escuela N\u00b0 262."},"content":{"rendered":"<p><a href=\"http:\/\/armstrongyregion.com.ar\/diario\/wp-content\/uploads\/2017\/06\/Solis-.jpg\"><img loading=\"lazy\" decoding=\"async\" class=\"alignnone size-medium wp-image-13525\" src=\"http:\/\/armstrongyregion.com.ar\/diario\/wp-content\/uploads\/2017\/06\/Solis--300x183.jpg\" alt=\"Solis-\" width=\"300\" height=\"183\" srcset=\"https:\/\/armstrongyregion.com.ar\/diario\/wp-content\/uploads\/2017\/06\/Solis--300x183.jpg 300w, https:\/\/armstrongyregion.com.ar\/diario\/wp-content\/uploads\/2017\/06\/Solis-.jpg 768w\" sizes=\"auto, (max-width: 300px) 100vw, 300px\" \/><\/a>La directora del establecimiento Silvia Romero expres\u00f3 estar muy contenta por el aporte del Diputado, \u00a0debido a las necesidades que tiene dentro de la instituci\u00f3n, ya que hay muchos ni\u00f1os que realmente lo necesitan.<\/p>\n<p>Con respecto a otras demandas de los alumnos dela escuela 262 la directiva expres\u00f3 que los guardapolvos nunca est\u00e1n dem\u00e1s, y tambi\u00e9n han estado hablando con los docentes de la instituci\u00f3n del proyecto de incorporar nuevamente el \u201cRopero escolar\u201d para ello cuentan siempre con la participaci\u00f3n de la comunidad armstronense que est\u00e1 dispuesta a ayudar y remarco la solidaridad.<\/p>\n<p>Por otro lado el Dip. Miguel Sol\u00eds tambi\u00e9n har\u00e1 entrega de un aporte para la Feria de las Colectividades, evento que va por el 26 aniversario y desde la instituci\u00f3n se est\u00e1 trabajando para esta fiesta ya que \u00a0todos los a\u00f1os le quieren brindar a la comunidad una noche en familia, netamente agradable.<\/p>\n<p>Miguel Sol\u00eds por su parte expreso que estaban de visita por la ciudad haciendo un aporte a la instituci\u00f3n debido a que los docentes han hecho una visualizaci\u00f3n de necesidad de calzado, tambi\u00e9n hicimos un aporte para que los chicos se pudieran trasladar a la jura de la bandera.<\/p>\n<p>\u201cPero hoy tambi\u00e9n es importante \u00a0la pr\u00f3xima Feria de las Colectividades, ya que la instituci\u00f3n ha gestionado ante el gobernador Miguel Lifschitz un aporte sustancial y vengo a reunirme para transmitirles que la suma \u00a0llegara de parte la provincia y por otro lado seguiremos recorriendo en la tarde noche de hoy el Centro Avatares y donde las instituciones nos convocan all\u00ed estaremos\u201d.<\/p>\n","protected":false},"excerpt":{"rendered":"<p>La directora del establecimiento Silvia Romero expres\u00f3 estar muy contenta por el aporte del Diputado, \u00a0debido a las necesidades que tiene dentro de la instituci\u00f3n, ya que hay muchos ni\u00f1os que realmente lo necesitan. Con respecto a otras demandas de los alumnos dela escuela 262 la directiva expres\u00f3 que los guardapolvos nunca est\u00e1n dem\u00e1s, y <a href=\"https:\/\/armstrongyregion.com.ar\/diario\/el-diputado-solis-hizo-un-aporte-de-calzado-para-la-escuela-n-262\/\" title=\"Read more\" >&#8230;<\/a><\/p>\n","protected":false},"author":1,"featured_media":13525,"comment_status":"open","ping_status":"open","sticky":false,"template":"","format":"standard","meta":{"_jetpack_memberships_contains_paid_content":false,"footnotes":"","jetpack_publicize_message":"","jetpack_publicize_feature_enabled":true,"jetpack_social_post_already_shared":false,"jetpack_social_options":{"image_generator_settings":{"template":"highway","default_image_id":0,"enabled":false},"version":2}},"categories":[1,7,3],"tags":[20,5615,388,13],"class_list":["post-13524","post","type-post","status-publish","format-standard","has-post-thumbnail","hentry","category-diario-armstrong","category-politica","category-region","tag-armstrong","tag-el-diputado-solis-hizo-un-aporte-de-calzado-para-la-escuela-n-262","tag-region-2","tag-y"],"jetpack_publicize_connections":[],"jetpack_featured_media_url":"https:\/\/armstrongyregion.com.ar\/diario\/wp-content\/uploads\/2017\/06\/Solis-.jpg","jetpack_shortlink":"https:\/\/wp.me\/p62QDO-3w8","jetpack_sharing_enabled":true,"amp_enabled":true,"_links":{"self":[{"href":"https:\/\/armstrongyregion.com.ar\/diario\/wp-json\/wp\/v2\/posts\/13524","targetHints":{"allow":["GET"]}}],"collection":[{"href":"https:\/\/armstrongyregion.com.ar\/diario\/wp-json\/wp\/v2\/posts"}],"about":[{"href":"https:\/\/armstrongyregion.com.ar\/diario\/wp-json\/wp\/v2\/types\/post"}],"author":[{"embeddable":true,"href":"https:\/\/armstrongyregion.com.ar\/diario\/wp-json\/wp\/v2\/users\/1"}],"replies":[{"embeddable":true,"href":"https:\/\/armstrongyregion.com.ar\/diario\/wp-json\/wp\/v2\/comments?post=13524"}],"version-history":[{"count":0,"href":"https:\/\/armstrongyregion.com.ar\/diario\/wp-json\/wp\/v2\/posts\/13524\/revisions"}],"wp:featuredmedia":[{"embeddable":true,"href":"https:\/\/armstrongyregion.com.ar\/diario\/wp-json\/wp\/v2\/media\/13525"}],"wp:attachment":[{"href":"https:\/\/armstrongyregion.com.ar\/diario\/wp-json\/wp\/v2\/media?parent=13524"}],"wp:term":[{"taxonomy":"category","embeddable":true,"href":"https:\/\/armstrongyregion.com.ar\/diario\/wp-json\/wp\/v2\/categories?post=13524"},{"taxonomy":"post_tag","embeddable":true,"href":"https:\/\/armstrongyregion.com.ar\/diario\/wp-json\/wp\/v2\/tags?post=13524"}],"curies":[{"name":"wp","href":"https:\/\/api.w.org\/{rel}","templated":true}]}}