{"id":13514,"date":"2017-06-27T11:51:03","date_gmt":"2017-06-27T11:51:03","guid":{"rendered":"https:\/\/armstrongyregion.com.ar\/diario\/?p=13514"},"modified":"2017-06-27T11:51:03","modified_gmt":"2017-06-27T11:51:03","slug":"deliberando-hoy-educacion-y-avances-y-progreso-en-las-rosas","status":"publish","type":"post","link":"https:\/\/armstrongyregion.com.ar\/diario\/deliberando-hoy-educacion-y-avances-y-progreso-en-las-rosas\/","title":{"rendered":"Deliberando: Hoy Educaci\u00f3n y Avances y Progreso en Las Rosas."},"content":{"rendered":"<p><a href=\"http:\/\/armstrongyregion.com.ar\/diario\/wp-content\/uploads\/2017\/06\/Mario-Ramos-.jpg\"><img loading=\"lazy\" decoding=\"async\" class=\"alignnone size-medium wp-image-13515\" src=\"http:\/\/armstrongyregion.com.ar\/diario\/wp-content\/uploads\/2017\/06\/Mario-Ramos--300x200.jpg\" alt=\"Mario-Ramos-\" width=\"300\" height=\"200\" srcset=\"https:\/\/armstrongyregion.com.ar\/diario\/wp-content\/uploads\/2017\/06\/Mario-Ramos--300x200.jpg 300w, https:\/\/armstrongyregion.com.ar\/diario\/wp-content\/uploads\/2017\/06\/Mario-Ramos-.jpg 768w\" sizes=\"auto, (max-width: 300px) 100vw, 300px\" \/><\/a>En la noche de hoy, participaran en DELIBERANDO, Mario Ramos Delegado de la Regi\u00f3n V de Educaci\u00f3n que corresponde a los Departamentos Caseros, Belgrano e Iriondo. Como es la relaci\u00f3n Region V con las instituciones. Capacitaciones a los docentes. Y tambi\u00e9n hablaremos de su decisi\u00f3n por la candidatura a concejal por el Frente Progresista C\u00edvico y Social en Las Rosas.<\/p>\n<p><a href=\"http:\/\/armstrongyregion.com.ar\/diario\/wp-content\/uploads\/2017\/06\/Javier-Meyer2-.jpg\"><img loading=\"lazy\" decoding=\"async\" class=\"alignnone size-medium wp-image-13516\" src=\"http:\/\/armstrongyregion.com.ar\/diario\/wp-content\/uploads\/2017\/06\/Javier-Meyer2--300x200.jpg\" alt=\"Javier-Meyer2-\" width=\"300\" height=\"200\" srcset=\"https:\/\/armstrongyregion.com.ar\/diario\/wp-content\/uploads\/2017\/06\/Javier-Meyer2--300x200.jpg 300w, https:\/\/armstrongyregion.com.ar\/diario\/wp-content\/uploads\/2017\/06\/Javier-Meyer2-.jpg 768w\" sizes=\"auto, (max-width: 300px) 100vw, 300px\" \/><\/a>Luego compartiremos dos bloques con el actual intendente de la ciudad de Las Rosas Javier Meyer, los temas a tratar, avances en obras p\u00fablicas, relaci\u00f3n con la familia municipal, temas que ata\u00f1en a la seguridad, pol\u00edtica y proyectos a futuro.<\/p>\n<p>Todo esto en DELIBERANDO con la conducci\u00f3n de la licenciada Graciela de la Casa, Oscar Crispino y Ezequiel Piccoli.<\/p>\n<p>21hs CABLE IMAGEN ARMSTRONG.<\/p>\n","protected":false},"excerpt":{"rendered":"<p>En la noche de hoy, participaran en DELIBERANDO, Mario Ramos Delegado de la Regi\u00f3n V de Educaci\u00f3n que corresponde a los Departamentos Caseros, Belgrano e Iriondo. Como es la relaci\u00f3n Region V con las instituciones. Capacitaciones a los docentes. Y tambi\u00e9n hablaremos de su decisi\u00f3n por la candidatura a concejal por el Frente Progresista C\u00edvico <a href=\"https:\/\/armstrongyregion.com.ar\/diario\/deliberando-hoy-educacion-y-avances-y-progreso-en-las-rosas\/\" title=\"Read more\" >&#8230;<\/a><\/p>\n","protected":false},"author":1,"featured_media":13515,"comment_status":"open","ping_status":"open","sticky":false,"template":"","format":"standard","meta":{"_jetpack_memberships_contains_paid_content":false,"footnotes":"","jetpack_publicize_message":"","jetpack_publicize_feature_enabled":true,"jetpack_social_post_already_shared":false,"jetpack_social_options":{"image_generator_settings":{"template":"highway","default_image_id":0,"enabled":false},"version":2}},"categories":[1,2,3],"tags":[20,5612,388,13],"class_list":["post-13514","post","type-post","status-publish","format-standard","has-post-thumbnail","hentry","category-diario-armstrong","category-locales","category-region","tag-armstrong","tag-deliberando-hoy-educacion-y-avances-y-progreso-en-las-rosas","tag-region-2","tag-y"],"jetpack_publicize_connections":[],"jetpack_featured_media_url":"https:\/\/armstrongyregion.com.ar\/diario\/wp-content\/uploads\/2017\/06\/Mario-Ramos-.jpg","jetpack_shortlink":"https:\/\/wp.me\/p62QDO-3vY","jetpack_sharing_enabled":true,"amp_enabled":true,"_links":{"self":[{"href":"https:\/\/armstrongyregion.com.ar\/diario\/wp-json\/wp\/v2\/posts\/13514","targetHints":{"allow":["GET"]}}],"collection":[{"href":"https:\/\/armstrongyregion.com.ar\/diario\/wp-json\/wp\/v2\/posts"}],"about":[{"href":"https:\/\/armstrongyregion.com.ar\/diario\/wp-json\/wp\/v2\/types\/post"}],"author":[{"embeddable":true,"href":"https:\/\/armstrongyregion.com.ar\/diario\/wp-json\/wp\/v2\/users\/1"}],"replies":[{"embeddable":true,"href":"https:\/\/armstrongyregion.com.ar\/diario\/wp-json\/wp\/v2\/comments?post=13514"}],"version-history":[{"count":0,"href":"https:\/\/armstrongyregion.com.ar\/diario\/wp-json\/wp\/v2\/posts\/13514\/revisions"}],"wp:featuredmedia":[{"embeddable":true,"href":"https:\/\/armstrongyregion.com.ar\/diario\/wp-json\/wp\/v2\/media\/13515"}],"wp:attachment":[{"href":"https:\/\/armstrongyregion.com.ar\/diario\/wp-json\/wp\/v2\/media?parent=13514"}],"wp:term":[{"taxonomy":"category","embeddable":true,"href":"https:\/\/armstrongyregion.com.ar\/diario\/wp-json\/wp\/v2\/categories?post=13514"},{"taxonomy":"post_tag","embeddable":true,"href":"https:\/\/armstrongyregion.com.ar\/diario\/wp-json\/wp\/v2\/tags?post=13514"}],"curies":[{"name":"wp","href":"https:\/\/api.w.org\/{rel}","templated":true}]}}