{"id":13502,"date":"2017-06-27T10:29:31","date_gmt":"2017-06-27T10:29:31","guid":{"rendered":"https:\/\/armstrongyregion.com.ar\/diario\/?p=13502"},"modified":"2017-06-27T10:29:31","modified_gmt":"2017-06-27T10:29:31","slug":"canada-de-gomez-muestra-fotografica-los-pastores-de-la-ciudad","status":"publish","type":"post","link":"https:\/\/armstrongyregion.com.ar\/diario\/canada-de-gomez-muestra-fotografica-los-pastores-de-la-ciudad\/","title":{"rendered":"Ca\u00f1ada de G\u00f3mez. Muestra Fotogr\u00e1fica \u00abLos pastores de la ciudad\u00bb."},"content":{"rendered":"<div id=\"m_-968170636699555347yui_3_16_0_ym19_1_1498485183088_27090\" dir=\"ltr\"><a href=\"http:\/\/armstrongyregion.com.ar\/diario\/wp-content\/uploads\/2017\/06\/curas-1.jpg\"><img loading=\"lazy\" decoding=\"async\" class=\"alignnone size-medium wp-image-13503\" src=\"http:\/\/armstrongyregion.com.ar\/diario\/wp-content\/uploads\/2017\/06\/curas-1-295x300.jpg\" alt=\"curas (1)\" width=\"295\" height=\"300\" srcset=\"https:\/\/armstrongyregion.com.ar\/diario\/wp-content\/uploads\/2017\/06\/curas-1-295x300.jpg 295w, https:\/\/armstrongyregion.com.ar\/diario\/wp-content\/uploads\/2017\/06\/curas-1-1007x1024.jpg 1007w\" sizes=\"auto, (max-width: 295px) 100vw, 295px\" \/><\/a>Este pr\u00f3ximo 29 de junio con motivo del d\u00eda del Santo Patrono de la ciudad, San Pedro, el Museo Hist\u00f3rico Municipal El\u00edas Bertola presentara una muestra alusiva sobre cuatro aniversarios importantes de la vida parroquial. Este a\u00f1o se conmemoran los 65 a\u00f1os del fallecimiento de Monse\u00f1or Manuel Aizpuru y la posterior llegada de Monse\u00f1or Guillermo Martin; los 55 a\u00f1os del arribo del Padre Armando Amiratti y los 45 a\u00f1os de la asunci\u00f3<span id=\"m_-968170636699555347yui_3_16_0_ym19_1_1498485183088_27091\">n como p\u00e1rroco de Monse\u00f1or Renaldo Ferrero. Tampoco dejaremos pasar im\u00e1genes sobre la actividad del padre Mateo Llodr\u00e1 gran impulsor de la construcci\u00f3n del templo finalizado en 1916.<br id=\"m_-968170636699555347yui_3_16_0_ym19_1_1498485183088_27092\" \/>Cabe agregar que presentaremos al p\u00fablico la donaci\u00f3n realizada por la Parroquia San Pedro de elementos que pertenecieron al reciente fallecido P\u00e1rroco Em\u00e9rito Monse\u00f1or Renaldo Ferrero.<br id=\"m_-968170636699555347yui_3_16_0_ym19_1_1498485183088_27093\" \/>La muestra ser\u00e1 habilitada este jueves 29 de junio a las 15 hs. y estar\u00e1 abierta al p\u00fablico durante todo el mes de julio.<\/span><\/div>\n<div><\/div>\n<div id=\"m_-968170636699555347yui_3_16_0_ym19_1_1498485183088_27036\"><\/div>\n<div id=\"m_-968170636699555347yui_3_16_0_ym19_1_1498485183088_27034\" class=\"m_-968170636699555347signature\"><span id=\"m_-968170636699555347yui_3_16_0_ym19_1_1498485183088_27035\">MUSEO HIST\u00d3RICO MUNICIPAL<\/span><\/p>\n<div id=\"m_-968170636699555347yui_3_16_0_ym19_1_1498485183088_27253\">\u00abEL\u00cdAS BERTOLA\u00bb<\/div>\n<div>BV. BALCARCE 860-CA\u00d1ADA DE G\u00d3MEZ<\/div>\n<\/div>\n","protected":false},"excerpt":{"rendered":"<p>Este pr\u00f3ximo 29 de junio con motivo del d\u00eda del Santo Patrono de la ciudad, San Pedro, el Museo Hist\u00f3rico Municipal El\u00edas Bertola presentara una muestra alusiva sobre cuatro aniversarios importantes de la vida parroquial. Este a\u00f1o se conmemoran los 65 a\u00f1os del fallecimiento de Monse\u00f1or Manuel Aizpuru y la posterior llegada de Monse\u00f1or Guillermo <a href=\"https:\/\/armstrongyregion.com.ar\/diario\/canada-de-gomez-muestra-fotografica-los-pastores-de-la-ciudad\/\" title=\"Read more\" >&#8230;<\/a><\/p>\n","protected":false},"author":1,"featured_media":13503,"comment_status":"open","ping_status":"open","sticky":false,"template":"","format":"standard","meta":{"_jetpack_memberships_contains_paid_content":false,"footnotes":"","jetpack_publicize_message":"","jetpack_publicize_feature_enabled":true,"jetpack_social_post_already_shared":false,"jetpack_social_options":{"image_generator_settings":{"template":"highway","default_image_id":0,"enabled":false},"version":2}},"categories":[6,1,3],"tags":[20,5609,388,13],"class_list":["post-13502","post","type-post","status-publish","format-standard","has-post-thumbnail","hentry","category-cultura-entretenimiento","category-diario-armstrong","category-region","tag-armstrong","tag-canada-de-gomez-muestra-fotografica-los-pastores-de-la-ciudad","tag-region-2","tag-y"],"jetpack_publicize_connections":[],"jetpack_featured_media_url":"https:\/\/armstrongyregion.com.ar\/diario\/wp-content\/uploads\/2017\/06\/curas-1.jpg","jetpack_shortlink":"https:\/\/wp.me\/p62QDO-3vM","jetpack_sharing_enabled":true,"amp_enabled":true,"_links":{"self":[{"href":"https:\/\/armstrongyregion.com.ar\/diario\/wp-json\/wp\/v2\/posts\/13502","targetHints":{"allow":["GET"]}}],"collection":[{"href":"https:\/\/armstrongyregion.com.ar\/diario\/wp-json\/wp\/v2\/posts"}],"about":[{"href":"https:\/\/armstrongyregion.com.ar\/diario\/wp-json\/wp\/v2\/types\/post"}],"author":[{"embeddable":true,"href":"https:\/\/armstrongyregion.com.ar\/diario\/wp-json\/wp\/v2\/users\/1"}],"replies":[{"embeddable":true,"href":"https:\/\/armstrongyregion.com.ar\/diario\/wp-json\/wp\/v2\/comments?post=13502"}],"version-history":[{"count":0,"href":"https:\/\/armstrongyregion.com.ar\/diario\/wp-json\/wp\/v2\/posts\/13502\/revisions"}],"wp:featuredmedia":[{"embeddable":true,"href":"https:\/\/armstrongyregion.com.ar\/diario\/wp-json\/wp\/v2\/media\/13503"}],"wp:attachment":[{"href":"https:\/\/armstrongyregion.com.ar\/diario\/wp-json\/wp\/v2\/media?parent=13502"}],"wp:term":[{"taxonomy":"category","embeddable":true,"href":"https:\/\/armstrongyregion.com.ar\/diario\/wp-json\/wp\/v2\/categories?post=13502"},{"taxonomy":"post_tag","embeddable":true,"href":"https:\/\/armstrongyregion.com.ar\/diario\/wp-json\/wp\/v2\/tags?post=13502"}],"curies":[{"name":"wp","href":"https:\/\/api.w.org\/{rel}","templated":true}]}}