{"id":1347,"date":"2015-03-17T03:52:11","date_gmt":"2015-03-17T03:52:11","guid":{"rendered":"https:\/\/armstrongyregion.com.ar\/diario\/?p=1347"},"modified":"2015-03-17T03:52:11","modified_gmt":"2015-03-17T03:52:11","slug":"canada-de-gomez-18-denuncias-en-el-buzon-de-la-vida","status":"publish","type":"post","link":"https:\/\/armstrongyregion.com.ar\/diario\/canada-de-gomez-18-denuncias-en-el-buzon-de-la-vida\/","title":{"rendered":"Ca\u00f1ada de G\u00f3mez. 18 denuncias en el Buz\u00f3n de la Vida."},"content":{"rendered":"<p><a href=\"http:\/\/armstrongyregion.com.ar\/diario\/wp-content\/uploads\/2015\/03\/buzon.jpg\"><img loading=\"lazy\" decoding=\"async\" class=\"alignnone size-medium wp-image-1348\" src=\"http:\/\/armstrongyregion.com.ar\/diario\/wp-content\/uploads\/2015\/03\/buzon-300x200.jpg\" alt=\"buzon\" width=\"300\" height=\"200\" srcset=\"https:\/\/armstrongyregion.com.ar\/diario\/wp-content\/uploads\/2015\/03\/buzon-300x200.jpg 300w, https:\/\/armstrongyregion.com.ar\/diario\/wp-content\/uploads\/2015\/03\/buzon.jpg 750w\" sizes=\"auto, (max-width: 300px) 100vw, 300px\" \/><\/a>La secretaria de Gobierno Carina Mozzoni y el coordinador de Seguridad Lu\u00eds Leiva, junto a representantes de vecinales e instituciones, llevaron adelante una nueva apertura.<\/p>\n<p>En la ma\u00f1ana de hoy se realiz\u00f3 una nueva apertura del Buz\u00f3n de la Vida en las instalaciones del Cuartel de Bomberos Voluntario. El acto fue<br \/>\nencabezado por la secretaria de Gobierno Carina Mozzoni y el coordinador de Seguridad Ciudadana Lu\u00eds Leiva.<br \/>\nCon la participaci\u00f3n de representantes de instituciones y vecinales se encontraron 18 denuncias que ser\u00e1n remitidas a la Justicia Federal.<br \/>\nLeiva destac\u00f3 en la jornada el \u00abpedido realizado junto a instituciones en el Ministerio P\u00fablico de la Acusaci\u00f3n ante el fiscal regional de la<br \/>\n2\u00ba circunscripci\u00f3n Jorge Baclini, de propiciar la sanci\u00f3n de legislaci\u00f3n que persiga el narcomenudeo para tratar el flagelo de la droga\u00bb.<\/p>\n","protected":false},"excerpt":{"rendered":"<p>La secretaria de Gobierno Carina Mozzoni y el coordinador de Seguridad Lu\u00eds Leiva, junto a representantes de vecinales e instituciones, llevaron adelante una nueva apertura. En la ma\u00f1ana de hoy se realiz\u00f3 una nueva apertura del Buz\u00f3n de la Vida en las instalaciones del Cuartel de Bomberos Voluntario. El acto fue encabezado por la secretaria <a href=\"https:\/\/armstrongyregion.com.ar\/diario\/canada-de-gomez-18-denuncias-en-el-buzon-de-la-vida\/\" title=\"Read more\" >&#8230;<\/a><\/p>\n","protected":false},"author":2,"featured_media":1348,"comment_status":"open","ping_status":"open","sticky":false,"template":"","format":"standard","meta":{"_jetpack_memberships_contains_paid_content":false,"footnotes":"","jetpack_publicize_message":"","jetpack_publicize_feature_enabled":true,"jetpack_social_post_already_shared":false,"jetpack_social_options":{"image_generator_settings":{"template":"highway","default_image_id":0,"enabled":false},"version":2}},"categories":[1,7,3],"tags":[875,455,163,19,454,16,15,164,31,456],"class_list":["post-1347","post","type-post","status-publish","format-standard","has-post-thumbnail","hentry","category-diario-armstrong","category-politica","category-region","tag-875","tag-buzon","tag-canada","tag-de","tag-denuncias","tag-el","tag-en","tag-gomez","tag-la","tag-vida"],"jetpack_publicize_connections":[],"jetpack_featured_media_url":"https:\/\/armstrongyregion.com.ar\/diario\/wp-content\/uploads\/2015\/03\/buzon.jpg","jetpack_shortlink":"https:\/\/wp.me\/p62QDO-lJ","jetpack_sharing_enabled":true,"amp_enabled":true,"_links":{"self":[{"href":"https:\/\/armstrongyregion.com.ar\/diario\/wp-json\/wp\/v2\/posts\/1347","targetHints":{"allow":["GET"]}}],"collection":[{"href":"https:\/\/armstrongyregion.com.ar\/diario\/wp-json\/wp\/v2\/posts"}],"about":[{"href":"https:\/\/armstrongyregion.com.ar\/diario\/wp-json\/wp\/v2\/types\/post"}],"author":[{"embeddable":true,"href":"https:\/\/armstrongyregion.com.ar\/diario\/wp-json\/wp\/v2\/users\/2"}],"replies":[{"embeddable":true,"href":"https:\/\/armstrongyregion.com.ar\/diario\/wp-json\/wp\/v2\/comments?post=1347"}],"version-history":[{"count":0,"href":"https:\/\/armstrongyregion.com.ar\/diario\/wp-json\/wp\/v2\/posts\/1347\/revisions"}],"wp:featuredmedia":[{"embeddable":true,"href":"https:\/\/armstrongyregion.com.ar\/diario\/wp-json\/wp\/v2\/media\/1348"}],"wp:attachment":[{"href":"https:\/\/armstrongyregion.com.ar\/diario\/wp-json\/wp\/v2\/media?parent=1347"}],"wp:term":[{"taxonomy":"category","embeddable":true,"href":"https:\/\/armstrongyregion.com.ar\/diario\/wp-json\/wp\/v2\/categories?post=1347"},{"taxonomy":"post_tag","embeddable":true,"href":"https:\/\/armstrongyregion.com.ar\/diario\/wp-json\/wp\/v2\/tags?post=1347"}],"curies":[{"name":"wp","href":"https:\/\/api.w.org\/{rel}","templated":true}]}}