{"id":13458,"date":"2017-06-24T21:48:46","date_gmt":"2017-06-24T21:48:46","guid":{"rendered":"https:\/\/armstrongyregion.com.ar\/diario\/?p=13458"},"modified":"2017-06-24T21:48:46","modified_gmt":"2017-06-24T21:48:46","slug":"lifschitz-para-bajar-los-niveles-de-violencia-tenemos-que-generar-oportunidades","status":"publish","type":"post","link":"https:\/\/armstrongyregion.com.ar\/diario\/lifschitz-para-bajar-los-niveles-de-violencia-tenemos-que-generar-oportunidades\/","title":{"rendered":"Lifschitz: \u00abPara bajar los niveles de violencia tenemos que generar oportunidades\u00bb"},"content":{"rendered":"<p>El gobernador particip\u00f3 hoy de un curso de \u00abGesti\u00f3n y Fortalecimiento Institucional para Organizaciones Sociales\u00bb.<\/p>\n<p>El\u00a0l gobernador de la provincia, <a class=\"agrupador\" href=\"http:\/\/www.lacapital.com.ar\/miguel-lifschitz-a1853\" rel=\"1853\">Miguel Lifschitz<\/a>, se\u00f1al\u00f3 hoy que \u00abpara para bajar los niveles de violencia tenemos que generar oportunidades\u00bb al tiempo que se\u00f1al\u00f3 que \u00abla violencia tiene que ver con la la desigualdad, con la gente que no tiene oportunidades y que siente que no tiene futuro\u00bb.<\/p>\n<div><a href=\"http:\/\/armstrongyregion.com.ar\/diario\/wp-content\/uploads\/2017\/06\/Lifschitz-ate.jpg\"><img loading=\"lazy\" decoding=\"async\" class=\"alignnone size-medium wp-image-13459\" src=\"http:\/\/armstrongyregion.com.ar\/diario\/wp-content\/uploads\/2017\/06\/Lifschitz-ate-300x169.jpg\" alt=\"Lifschitz-ate\" width=\"300\" height=\"169\" srcset=\"https:\/\/armstrongyregion.com.ar\/diario\/wp-content\/uploads\/2017\/06\/Lifschitz-ate-300x169.jpg 300w, https:\/\/armstrongyregion.com.ar\/diario\/wp-content\/uploads\/2017\/06\/Lifschitz-ate.jpg 768w\" sizes=\"auto, (max-width: 300px) 100vw, 300px\" \/><\/a>El gobernador particip\u00f3 este s\u00e1bado de la tercera edici\u00f3n del curso \u00abGesti\u00f3n y Fortalecimiento Institucional para Organizaciones Sociales\u00bb, organizado por la Asociaci\u00f3n Civil Rizoma, y destinado a integrantes de instituciones y organizaciones de la ciudad y la regi\u00f3n, que se desarroll\u00f3 en la sede de ATE Santa Fe.<\/div>\n<div>\u00abLa violencia nos preocupa a todos, en todos los lugares de la sociedad. Algunos asocian la violencia con la pobreza, con los barrios m\u00e1s pobres, pero sin embargo todos vemos como hay violencia en todos los sectores de la sociedad y en todos los \u00e1mbitos. Y tenemos las herramientas para poder enfrentar estos problemas de la mejor manera, encaminarlos y orientarlos all\u00ed donde se producen, a veces en la familia, en el barrio o en el lugar de trabajo, en las instituciones. Para bajar los niveles de violencia, para resolver los conflictos y que se puedan resolver a trav\u00e9s del di\u00e1logo o de otras maneras y no necesariamente violentas, tenemos que generar oportunidades\u00bb, se\u00f1al\u00f3 el titular de la Casa Gris.<\/div>\n<div>\u00abLa violencia tiene que ver con la desigualdad, con la gente que no tiene oportunidades y que siente que no tiene futuro, que no tiene expectativas de progreso o de avanzar en su vida, porque para todos nosotros, m\u00e1s all\u00e1 de que estemos viviendo con m\u00e1s o menos problemas o necesidades, siempre necesitamos tener la esperanza, la expectativa de que m\u00e1s adelante vamos a estar un poco mejor\u00bb, agreg\u00f3.<\/div>\n<div>\u00abCuando esa expectativa no est\u00e1, cuando tenemos la sensaci\u00f3n de que ma\u00f1ana y pasado, y el a\u00f1o que viene vamos a estar igual o peor, que no tenemos salida, eso es muy duro para las personas, sobre todo para los j\u00f3venes. Eso genera resentimiento y, a veces, reacciones violentas\u00bb, ampli\u00f3 en su presentaci\u00f3n.<\/div>\n<div>\u00abEstas cosas tenemos que resolverlas y eso no pueden hacerlo ustedes individualmente, sino que tenemos que resolverlas a trav\u00e9s del Estado, de las pol\u00edticas y del trabajo conjuntamente con las instituciones\u00bb, dijo el gobernador.<\/div>\n<div>LaCapital.Com<\/div>\n","protected":false},"excerpt":{"rendered":"<p>El gobernador particip\u00f3 hoy de un curso de \u00abGesti\u00f3n y Fortalecimiento Institucional para Organizaciones Sociales\u00bb. El\u00a0l gobernador de la provincia, Miguel Lifschitz, se\u00f1al\u00f3 hoy que \u00abpara para bajar los niveles de violencia tenemos que generar oportunidades\u00bb al tiempo que se\u00f1al\u00f3 que \u00abla violencia tiene que ver con la la desigualdad, con la gente que no <a href=\"https:\/\/armstrongyregion.com.ar\/diario\/lifschitz-para-bajar-los-niveles-de-violencia-tenemos-que-generar-oportunidades\/\" title=\"Read more\" >&#8230;<\/a><\/p>\n","protected":false},"author":1,"featured_media":13459,"comment_status":"open","ping_status":"open","sticky":false,"template":"","format":"standard","meta":{"_jetpack_memberships_contains_paid_content":false,"footnotes":"","jetpack_publicize_message":"","jetpack_publicize_feature_enabled":true,"jetpack_social_post_already_shared":false,"jetpack_social_options":{"image_generator_settings":{"template":"highway","default_image_id":0,"enabled":false},"version":2}},"categories":[1,7,3],"tags":[5598],"class_list":["post-13458","post","type-post","status-publish","format-standard","has-post-thumbnail","hentry","category-diario-armstrong","category-politica","category-region","tag-lifschitz-para-bajar-los-niveles-de-violencia-tenemos-que-generar-oportunidades"],"jetpack_publicize_connections":[],"jetpack_featured_media_url":"https:\/\/armstrongyregion.com.ar\/diario\/wp-content\/uploads\/2017\/06\/Lifschitz-ate.jpg","jetpack_shortlink":"https:\/\/wp.me\/p62QDO-3v4","jetpack_sharing_enabled":true,"amp_enabled":true,"_links":{"self":[{"href":"https:\/\/armstrongyregion.com.ar\/diario\/wp-json\/wp\/v2\/posts\/13458","targetHints":{"allow":["GET"]}}],"collection":[{"href":"https:\/\/armstrongyregion.com.ar\/diario\/wp-json\/wp\/v2\/posts"}],"about":[{"href":"https:\/\/armstrongyregion.com.ar\/diario\/wp-json\/wp\/v2\/types\/post"}],"author":[{"embeddable":true,"href":"https:\/\/armstrongyregion.com.ar\/diario\/wp-json\/wp\/v2\/users\/1"}],"replies":[{"embeddable":true,"href":"https:\/\/armstrongyregion.com.ar\/diario\/wp-json\/wp\/v2\/comments?post=13458"}],"version-history":[{"count":0,"href":"https:\/\/armstrongyregion.com.ar\/diario\/wp-json\/wp\/v2\/posts\/13458\/revisions"}],"wp:featuredmedia":[{"embeddable":true,"href":"https:\/\/armstrongyregion.com.ar\/diario\/wp-json\/wp\/v2\/media\/13459"}],"wp:attachment":[{"href":"https:\/\/armstrongyregion.com.ar\/diario\/wp-json\/wp\/v2\/media?parent=13458"}],"wp:term":[{"taxonomy":"category","embeddable":true,"href":"https:\/\/armstrongyregion.com.ar\/diario\/wp-json\/wp\/v2\/categories?post=13458"},{"taxonomy":"post_tag","embeddable":true,"href":"https:\/\/armstrongyregion.com.ar\/diario\/wp-json\/wp\/v2\/tags?post=13458"}],"curies":[{"name":"wp","href":"https:\/\/api.w.org\/{rel}","templated":true}]}}