{"id":13448,"date":"2017-06-23T11:21:38","date_gmt":"2017-06-23T11:21:38","guid":{"rendered":"https:\/\/armstrongyregion.com.ar\/diario\/?p=13448"},"modified":"2017-06-23T11:21:38","modified_gmt":"2017-06-23T11:21:38","slug":"el-socialismo-presento-su-lista-de-pre-candidatos-a-concejal-en-armstrong","status":"publish","type":"post","link":"https:\/\/armstrongyregion.com.ar\/diario\/el-socialismo-presento-su-lista-de-pre-candidatos-a-concejal-en-armstrong\/","title":{"rendered":"El Socialismo present\u00f3 su lista de Pre-Candidatos a Concejal en Armstrong."},"content":{"rendered":"<p><a href=\"http:\/\/armstrongyregion.com.ar\/diario\/wp-content\/uploads\/2017\/06\/Socialismo-.jpg\"><img loading=\"lazy\" decoding=\"async\" class=\"alignnone size-medium wp-image-13449\" src=\"http:\/\/armstrongyregion.com.ar\/diario\/wp-content\/uploads\/2017\/06\/Socialismo--300x169.jpg\" alt=\"Socialismo-\" width=\"300\" height=\"169\" srcset=\"https:\/\/armstrongyregion.com.ar\/diario\/wp-content\/uploads\/2017\/06\/Socialismo--300x169.jpg 300w, https:\/\/armstrongyregion.com.ar\/diario\/wp-content\/uploads\/2017\/06\/Socialismo-.jpg 768w\" sizes=\"auto, (max-width: 300px) 100vw, 300px\" \/><\/a> El Lugar del encuentro fue el Rest\u00f3- Ambros\u00eda, de la ciudad de Armstrong, con militantes, y presencia de medios, los integrantes de la lista dieron a conocer sus propuestas en la intenci\u00f3n de participar de las PASO del 13 de agosto, dentro del \u201cFrente Progresista C\u00edvico y Social\u201d.<\/p>\n<p>Ocuparon la mesa central: Titulares: Ver\u00f3nica Barone, Eva Sol\u00eds, Nelso Reinaldi. Suplentes: Marisa Valeri, Leonardo Moriconi, Gabriela Burzi. Acompa\u00f1ados en este caso por el Diputado Provincial Miguel Sol\u00eds.<\/p>\n<p>El encuentro se abri\u00f3 con palabras de Nelso Reinaldi, referente y militante del socialismo local, quien agradeci\u00f3 a los asistentes estar all\u00ed y a continuaci\u00f3n se fueron presentando cada uno de los componentes titulares de la n\u00f3mina, aunque todos ellos conocidos por sus actividades cotidianas.<\/p>\n<p>\u201cNuestra lista est\u00e1 integrada totalmente por gente de trabajo. Esta es la primera vez en mi vida que participo en pol\u00edtica esta fue una decisi\u00f3n dif\u00edcil, me convocaron por la gesti\u00f3n que estoy haciendo en el Hospital, y dije porque no participar de manera m\u00e1s activa y hacer algo por el pueblo de Armstrong\u201d Expres\u00f3 Barone.<\/p>\n<p>Luego agreg\u00f3: \u201cEn cuanto a los lineamientos, desde mi lugar en Salud, quisiera tratar de acercar el SAMCo al municipio, escuchar a la gente, hablar de equidad, de inserci\u00f3n social, que haya equidad para todos\u201d.<\/p>\n<p><a href=\"http:\/\/armstrongyregion.com.ar\/diario\/wp-content\/uploads\/2017\/06\/Socialismo-2-.jpg\"><img loading=\"lazy\" decoding=\"async\" class=\"alignnone size-medium wp-image-13450\" src=\"http:\/\/armstrongyregion.com.ar\/diario\/wp-content\/uploads\/2017\/06\/Socialismo-2--300x165.jpg\" alt=\"Socialismo-2-\" width=\"300\" height=\"165\" srcset=\"https:\/\/armstrongyregion.com.ar\/diario\/wp-content\/uploads\/2017\/06\/Socialismo-2--300x165.jpg 300w, https:\/\/armstrongyregion.com.ar\/diario\/wp-content\/uploads\/2017\/06\/Socialismo-2-.jpg 768w\" sizes=\"auto, (max-width: 300px) 100vw, 300px\" \/><\/a>Del Diputado Miguel Sol\u00eds: \u201cHay nuevas caras para la pol\u00edtica Armstronense, vamos a participar de una interna dentro del Frente y vamos a competir con la lista que encabeza el intendente Verdecchia; \u00a0estamos muy contentos por este \u00a0involucramiento de nuevas personas dispuestas a trabajar. Todos tienen actividad en instituciones, est\u00e1n dispuestos a trabajar por una mejor calidad de vida para los vecinos de Armstrong\u201d.<\/p>\n<p>&nbsp;<\/p>\n<p>&nbsp;<\/p>\n","protected":false},"excerpt":{"rendered":"<p>El Lugar del encuentro fue el Rest\u00f3- Ambros\u00eda, de la ciudad de Armstrong, con militantes, y presencia de medios, los integrantes de la lista dieron a conocer sus propuestas en la intenci\u00f3n de participar de las PASO del 13 de agosto, dentro del \u201cFrente Progresista C\u00edvico y Social\u201d. Ocuparon la mesa central: Titulares: Ver\u00f3nica Barone, <a href=\"https:\/\/armstrongyregion.com.ar\/diario\/el-socialismo-presento-su-lista-de-pre-candidatos-a-concejal-en-armstrong\/\" title=\"Read more\" >&#8230;<\/a><\/p>\n","protected":false},"author":1,"featured_media":13449,"comment_status":"open","ping_status":"open","sticky":false,"template":"","format":"standard","meta":{"_jetpack_memberships_contains_paid_content":false,"footnotes":"","jetpack_publicize_message":"","jetpack_publicize_feature_enabled":true,"jetpack_social_post_already_shared":false,"jetpack_social_options":{"image_generator_settings":{"template":"highway","default_image_id":0,"enabled":false},"version":2}},"categories":[8,1,2,7],"tags":[20,5595,388,13],"class_list":["post-13448","post","type-post","status-publish","format-standard","has-post-thumbnail","hentry","category-deliberando","category-diario-armstrong","category-locales","category-politica","tag-armstrong","tag-el-socialismo-presento-su-lista-de-pre-candidatos-a-concejal-en-armstrong","tag-region-2","tag-y"],"jetpack_publicize_connections":[],"jetpack_featured_media_url":"https:\/\/armstrongyregion.com.ar\/diario\/wp-content\/uploads\/2017\/06\/Socialismo-.jpg","jetpack_shortlink":"https:\/\/wp.me\/p62QDO-3uU","jetpack_sharing_enabled":true,"amp_enabled":true,"_links":{"self":[{"href":"https:\/\/armstrongyregion.com.ar\/diario\/wp-json\/wp\/v2\/posts\/13448","targetHints":{"allow":["GET"]}}],"collection":[{"href":"https:\/\/armstrongyregion.com.ar\/diario\/wp-json\/wp\/v2\/posts"}],"about":[{"href":"https:\/\/armstrongyregion.com.ar\/diario\/wp-json\/wp\/v2\/types\/post"}],"author":[{"embeddable":true,"href":"https:\/\/armstrongyregion.com.ar\/diario\/wp-json\/wp\/v2\/users\/1"}],"replies":[{"embeddable":true,"href":"https:\/\/armstrongyregion.com.ar\/diario\/wp-json\/wp\/v2\/comments?post=13448"}],"version-history":[{"count":0,"href":"https:\/\/armstrongyregion.com.ar\/diario\/wp-json\/wp\/v2\/posts\/13448\/revisions"}],"wp:featuredmedia":[{"embeddable":true,"href":"https:\/\/armstrongyregion.com.ar\/diario\/wp-json\/wp\/v2\/media\/13449"}],"wp:attachment":[{"href":"https:\/\/armstrongyregion.com.ar\/diario\/wp-json\/wp\/v2\/media?parent=13448"}],"wp:term":[{"taxonomy":"category","embeddable":true,"href":"https:\/\/armstrongyregion.com.ar\/diario\/wp-json\/wp\/v2\/categories?post=13448"},{"taxonomy":"post_tag","embeddable":true,"href":"https:\/\/armstrongyregion.com.ar\/diario\/wp-json\/wp\/v2\/tags?post=13448"}],"curies":[{"name":"wp","href":"https:\/\/api.w.org\/{rel}","templated":true}]}}