{"id":13417,"date":"2017-06-21T12:32:59","date_gmt":"2017-06-21T12:32:59","guid":{"rendered":"https:\/\/armstrongyregion.com.ar\/diario\/?p=13417"},"modified":"2017-06-21T12:32:59","modified_gmt":"2017-06-21T12:32:59","slug":"se-realizo-el-acto-conmemorativo-por-el-dia-de-la-bandera","status":"publish","type":"post","link":"https:\/\/armstrongyregion.com.ar\/diario\/se-realizo-el-acto-conmemorativo-por-el-dia-de-la-bandera\/","title":{"rendered":"Se realiz\u00f3 el acto conmemorativo por el D\u00eda de la Bandera."},"content":{"rendered":"<p><a href=\"http:\/\/armstrongyregion.com.ar\/diario\/wp-content\/uploads\/2017\/06\/acto2-.jpg\"><img loading=\"lazy\" decoding=\"async\" class=\"alignnone size-medium wp-image-13418\" src=\"http:\/\/armstrongyregion.com.ar\/diario\/wp-content\/uploads\/2017\/06\/acto2--300x199.jpg\" alt=\"acto2-\" width=\"300\" height=\"199\" srcset=\"https:\/\/armstrongyregion.com.ar\/diario\/wp-content\/uploads\/2017\/06\/acto2--300x199.jpg 300w, https:\/\/armstrongyregion.com.ar\/diario\/wp-content\/uploads\/2017\/06\/acto2-.jpg 720w\" sizes=\"auto, (max-width: 300px) 100vw, 300px\" \/><\/a>A partir de las 14,30hs en la Plaza San Martin se realiz\u00f3 el acto conmemorativo por el D\u00eda de la Bandera, el intendente municipal Dr. Pablo Verdecchia homenaje\u00f3 a Manuel Belgrano, creador de nuestra insignia patria; la participaci\u00f3n del alumnado de la Escuela Normal Superior N\u00ba 33 \u201cDr. Mariano Moreno\u201d, \u00a0el grupo juvenil de danzas de \u00abEl Tropero\u00bb, y la interpretaci\u00f3n de la Banda y el Coro de ni\u00f1os del Conservatorio Municipal \u00a0le dieron Juventud e impusieron los colores celeste y blanco.<\/p>\n<p><a href=\"http:\/\/armstrongyregion.com.ar\/diario\/wp-content\/uploads\/2017\/06\/acto-.jpg\"><img loading=\"lazy\" decoding=\"async\" class=\"alignnone size-medium wp-image-13419\" src=\"http:\/\/armstrongyregion.com.ar\/diario\/wp-content\/uploads\/2017\/06\/acto--300x169.jpg\" alt=\"acto-\" width=\"300\" height=\"169\" srcset=\"https:\/\/armstrongyregion.com.ar\/diario\/wp-content\/uploads\/2017\/06\/acto--300x169.jpg 300w, https:\/\/armstrongyregion.com.ar\/diario\/wp-content\/uploads\/2017\/06\/acto-.jpg 497w\" sizes=\"auto, (max-width: 300px) 100vw, 300px\" \/><\/a>En la oportunidad, y como cada a\u00f1o, los alumnos de 4\u00ba grado de todas las escuelas de la ciudad realizaron su juramento a la bandera.<\/p>\n<p>El D\u00eda de la Bandera se conmemora en recuerdo del fallecimiento de su creador, Manuel Belgrano, fallecido el 20 de junio de 1820. La fecha fue decretada por ley 12.361 del 8 de junio de 1938, con aprobaci\u00f3n del Congreso, por el entonces Presidente de la Naci\u00f3n Argentina, Roberto Marcelino Ortiz.<\/p>\n<p>El 20 de junio de 1820 mor\u00eda Manuel Belgrano en la pobreza extrema, en una Buenos Aires asolada por la guerra civil. Fue uno de los m\u00e1s notables economistas argentinos, precursor del periodismo nacional, impulsor de la educaci\u00f3n popular, la industria nacional y la justicia social. Se destac\u00f3 durante las invasiones inglesas, cuando se incorpor\u00f3 a las milicias criollas para defender la ciudad, y fue uno de los pocos que se negaron a prestar juramento al invasor. Cumpli\u00f3 un rol protag\u00f3nico durante la Revoluci\u00f3n de Mayo y fue nombrado vocal de la Primera Junta. Encabez\u00f3 la expedici\u00f3n al Paraguay; y el 27 de febrero de 1812 cre\u00f3 la bandera, algo que le vali\u00f3 la reprimenda del Primer Triunvirato. En el Norte encabez\u00f3 el heroico \u00e9xodo del pueblo juje\u00f1o y logr\u00f3 las grandes victorias de Tucum\u00e1n y Salta. Tras las derrotas de Vilcapugio y Ayohuma, sin embargo, se retir\u00f3 del Ej\u00e9rcito del Norte. En 1816, particip\u00f3 activamente en el Congreso de Tucum\u00e1n que el 9 de julio declarar\u00eda la Independencia.<\/p>\n","protected":false},"excerpt":{"rendered":"<p>A partir de las 14,30hs en la Plaza San Martin se realiz\u00f3 el acto conmemorativo por el D\u00eda de la Bandera, el intendente municipal Dr. Pablo Verdecchia homenaje\u00f3 a Manuel Belgrano, creador de nuestra insignia patria; la participaci\u00f3n del alumnado de la Escuela Normal Superior N\u00ba 33 \u201cDr. Mariano Moreno\u201d, \u00a0el grupo juvenil de danzas <a href=\"https:\/\/armstrongyregion.com.ar\/diario\/se-realizo-el-acto-conmemorativo-por-el-dia-de-la-bandera\/\" title=\"Read more\" >&#8230;<\/a><\/p>\n","protected":false},"author":1,"featured_media":13418,"comment_status":"open","ping_status":"open","sticky":false,"template":"","format":"standard","meta":{"_jetpack_memberships_contains_paid_content":false,"footnotes":"","jetpack_publicize_message":"","jetpack_publicize_feature_enabled":true,"jetpack_social_post_already_shared":false,"jetpack_social_options":{"image_generator_settings":{"template":"highway","default_image_id":0,"enabled":false},"version":2}},"categories":[6,8,1,2],"tags":[5585],"class_list":["post-13417","post","type-post","status-publish","format-standard","has-post-thumbnail","hentry","category-cultura-entretenimiento","category-deliberando","category-diario-armstrong","category-locales","tag-se-realizo-el-acto-conmemorativo-por-el-dia-de-la-bandera"],"jetpack_publicize_connections":[],"jetpack_featured_media_url":"https:\/\/armstrongyregion.com.ar\/diario\/wp-content\/uploads\/2017\/06\/acto2-.jpg","jetpack_shortlink":"https:\/\/wp.me\/p62QDO-3up","jetpack_sharing_enabled":true,"amp_enabled":true,"_links":{"self":[{"href":"https:\/\/armstrongyregion.com.ar\/diario\/wp-json\/wp\/v2\/posts\/13417","targetHints":{"allow":["GET"]}}],"collection":[{"href":"https:\/\/armstrongyregion.com.ar\/diario\/wp-json\/wp\/v2\/posts"}],"about":[{"href":"https:\/\/armstrongyregion.com.ar\/diario\/wp-json\/wp\/v2\/types\/post"}],"author":[{"embeddable":true,"href":"https:\/\/armstrongyregion.com.ar\/diario\/wp-json\/wp\/v2\/users\/1"}],"replies":[{"embeddable":true,"href":"https:\/\/armstrongyregion.com.ar\/diario\/wp-json\/wp\/v2\/comments?post=13417"}],"version-history":[{"count":0,"href":"https:\/\/armstrongyregion.com.ar\/diario\/wp-json\/wp\/v2\/posts\/13417\/revisions"}],"wp:featuredmedia":[{"embeddable":true,"href":"https:\/\/armstrongyregion.com.ar\/diario\/wp-json\/wp\/v2\/media\/13418"}],"wp:attachment":[{"href":"https:\/\/armstrongyregion.com.ar\/diario\/wp-json\/wp\/v2\/media?parent=13417"}],"wp:term":[{"taxonomy":"category","embeddable":true,"href":"https:\/\/armstrongyregion.com.ar\/diario\/wp-json\/wp\/v2\/categories?post=13417"},{"taxonomy":"post_tag","embeddable":true,"href":"https:\/\/armstrongyregion.com.ar\/diario\/wp-json\/wp\/v2\/tags?post=13417"}],"curies":[{"name":"wp","href":"https:\/\/api.w.org\/{rel}","templated":true}]}}