{"id":1338,"date":"2015-03-16T21:15:16","date_gmt":"2015-03-16T21:15:16","guid":{"rendered":"https:\/\/armstrongyregion.com.ar\/diario\/?p=1338"},"modified":"2015-03-16T21:15:16","modified_gmt":"2015-03-16T21:15:16","slug":"la-sala-iris-marga-abrio-la-temporada-2015-con-%c2%a8profetas-en-su-tierra%c2%a8","status":"publish","type":"post","link":"https:\/\/armstrongyregion.com.ar\/diario\/la-sala-iris-marga-abrio-la-temporada-2015-con-%c2%a8profetas-en-su-tierra%c2%a8\/","title":{"rendered":"La Sala Iris Marga abri\u00f3 la Temporada 2015 con \u00a8Profetas en su Tierra\u00a8."},"content":{"rendered":"<p><a href=\"http:\/\/armstrongyregion.com.ar\/diario\/wp-content\/uploads\/2015\/03\/IMG-20150316-WA0004.jpg\"><img loading=\"lazy\" decoding=\"async\" class=\"alignnone size-medium wp-image-1339\" src=\"http:\/\/armstrongyregion.com.ar\/diario\/wp-content\/uploads\/2015\/03\/IMG-20150316-WA0004-300x225.jpg\" alt=\"Sala Iris Marga\" width=\"300\" height=\"225\" srcset=\"https:\/\/armstrongyregion.com.ar\/diario\/wp-content\/uploads\/2015\/03\/IMG-20150316-WA0004-300x225.jpg 300w, https:\/\/armstrongyregion.com.ar\/diario\/wp-content\/uploads\/2015\/03\/IMG-20150316-WA0004.jpg 533w\" sizes=\"auto, (max-width: 300px) 100vw, 300px\" \/><\/a>El pasado domingo 15 de marzo, la Sala Iris Marga abri\u00f3 la temporada 2015, con la segunda edici\u00f3n del ciclo \u00abProfetas en su Tierra\u00bb, cuyo objetivo es destacar a los artistas locales.<br \/>\nSe vivi\u00f3 una velada a puro rock, blues y folklore, con la participaci\u00f3n de Alm\u00edn, tambi\u00e9n engalanaron el escenario Los Rurales, Gonzalo Flores y amigos y 2age.<br \/>\nSimult\u00e1neamente, se cont\u00f3 con la presencia de Francisco \u00abPanchi\u00bb Bosoletti pintando en vivo.<br \/>\nUna vez m\u00e1s qued\u00f3 demostrado que la localidad de Armstrong cuenta con un capital de artistas incre\u00edble.<br \/>\nFotograf\u00edas, Fernanda Olagaray.<\/p>\n","protected":false},"excerpt":{"rendered":"<p>El pasado domingo 15 de marzo, la Sala Iris Marga abri\u00f3 la temporada 2015, con la segunda edici\u00f3n del ciclo \u00abProfetas en su Tierra\u00bb, cuyo objetivo es destacar a los artistas locales. Se vivi\u00f3 una velada a puro rock, blues y folklore, con la participaci\u00f3n de Alm\u00edn, tambi\u00e9n engalanaron el escenario Los Rurales, Gonzalo Flores <a href=\"https:\/\/armstrongyregion.com.ar\/diario\/la-sala-iris-marga-abrio-la-temporada-2015-con-%c2%a8profetas-en-su-tierra%c2%a8\/\" title=\"Read more\" >&#8230;<\/a><\/p>\n","protected":false},"author":2,"featured_media":1339,"comment_status":"open","ping_status":"open","sticky":false,"template":"","format":"standard","meta":{"_jetpack_memberships_contains_paid_content":false,"footnotes":"","jetpack_publicize_message":"","jetpack_publicize_feature_enabled":true,"jetpack_social_post_already_shared":false,"jetpack_social_options":{"image_generator_settings":{"template":"highway","default_image_id":0,"enabled":false},"version":2}},"categories":[6,1,2],"tags":[1177,214,1175,100,15,1173,31,1174,773,35,1176,1178],"class_list":["post-1338","post","type-post","status-publish","format-standard","has-post-thumbnail","hentry","category-cultura-entretenimiento","category-diario-armstrong","category-locales","tag-profetas","tag-214","tag-abrio","tag-con","tag-en","tag-iris","tag-la","tag-marga","tag-sala","tag-su","tag-temporada","tag-tierra"],"jetpack_publicize_connections":[],"jetpack_featured_media_url":"https:\/\/armstrongyregion.com.ar\/diario\/wp-content\/uploads\/2015\/03\/IMG-20150316-WA0004.jpg","jetpack_shortlink":"https:\/\/wp.me\/p62QDO-lA","jetpack_sharing_enabled":true,"amp_enabled":true,"_links":{"self":[{"href":"https:\/\/armstrongyregion.com.ar\/diario\/wp-json\/wp\/v2\/posts\/1338","targetHints":{"allow":["GET"]}}],"collection":[{"href":"https:\/\/armstrongyregion.com.ar\/diario\/wp-json\/wp\/v2\/posts"}],"about":[{"href":"https:\/\/armstrongyregion.com.ar\/diario\/wp-json\/wp\/v2\/types\/post"}],"author":[{"embeddable":true,"href":"https:\/\/armstrongyregion.com.ar\/diario\/wp-json\/wp\/v2\/users\/2"}],"replies":[{"embeddable":true,"href":"https:\/\/armstrongyregion.com.ar\/diario\/wp-json\/wp\/v2\/comments?post=1338"}],"version-history":[{"count":0,"href":"https:\/\/armstrongyregion.com.ar\/diario\/wp-json\/wp\/v2\/posts\/1338\/revisions"}],"wp:featuredmedia":[{"embeddable":true,"href":"https:\/\/armstrongyregion.com.ar\/diario\/wp-json\/wp\/v2\/media\/1339"}],"wp:attachment":[{"href":"https:\/\/armstrongyregion.com.ar\/diario\/wp-json\/wp\/v2\/media?parent=1338"}],"wp:term":[{"taxonomy":"category","embeddable":true,"href":"https:\/\/armstrongyregion.com.ar\/diario\/wp-json\/wp\/v2\/categories?post=1338"},{"taxonomy":"post_tag","embeddable":true,"href":"https:\/\/armstrongyregion.com.ar\/diario\/wp-json\/wp\/v2\/tags?post=1338"}],"curies":[{"name":"wp","href":"https:\/\/api.w.org\/{rel}","templated":true}]}}