{"id":13367,"date":"2017-06-15T13:47:12","date_gmt":"2017-06-15T13:47:12","guid":{"rendered":"https:\/\/armstrongyregion.com.ar\/diario\/?p=13367"},"modified":"2017-06-15T13:47:12","modified_gmt":"2017-06-15T13:47:12","slug":"las-parejas-comenzo-la-x-feria-del-libro-organizada-por-la-escuela-dante-alighieri","status":"publish","type":"post","link":"https:\/\/armstrongyregion.com.ar\/diario\/las-parejas-comenzo-la-x-feria-del-libro-organizada-por-la-escuela-dante-alighieri\/","title":{"rendered":"Las Parejas. Comenz\u00f3 la X Feria del Libro organizada por la Escuela Dante Alighieri."},"content":{"rendered":"<p><a href=\"http:\/\/armstrongyregion.com.ar\/diario\/wp-content\/uploads\/2017\/06\/Dante-1-.jpg\"><img loading=\"lazy\" decoding=\"async\" class=\"alignnone size-medium wp-image-13368\" src=\"http:\/\/armstrongyregion.com.ar\/diario\/wp-content\/uploads\/2017\/06\/Dante-1--300x169.jpg\" alt=\"Dante-1-\" width=\"300\" height=\"169\" srcset=\"https:\/\/armstrongyregion.com.ar\/diario\/wp-content\/uploads\/2017\/06\/Dante-1--300x169.jpg 300w, https:\/\/armstrongyregion.com.ar\/diario\/wp-content\/uploads\/2017\/06\/Dante-1-.jpg 768w\" sizes=\"auto, (max-width: 300px) 100vw, 300px\" \/><\/a>Declarada de inter\u00e9s municipal, este jueves 15, coincidiendo con el D\u00eda del Libro, comenz\u00f3 a desarrollarse la X Feria del Libro <em>\u201cHab\u00eda una vez\u2026 una palabra\u2026 una frase\u2026 un cuento\u2026un libro\u201d<\/em> que organiza la Escuela Dante Alighieri, en las instalaciones del Cine de Sociedad Italiana.<\/p>\n<p><a href=\"http:\/\/armstrongyregion.com.ar\/diario\/wp-content\/uploads\/2017\/06\/Dante-2-.jpg\"><img loading=\"lazy\" decoding=\"async\" class=\"alignnone size-medium wp-image-13369\" src=\"http:\/\/armstrongyregion.com.ar\/diario\/wp-content\/uploads\/2017\/06\/Dante-2--300x210.jpg\" alt=\"Dante 2-\" width=\"300\" height=\"210\" srcset=\"https:\/\/armstrongyregion.com.ar\/diario\/wp-content\/uploads\/2017\/06\/Dante-2--300x210.jpg 300w, https:\/\/armstrongyregion.com.ar\/diario\/wp-content\/uploads\/2017\/06\/Dante-2-.jpg 768w\" sizes=\"auto, (max-width: 300px) 100vw, 300px\" \/><\/a>En el acto apertura, una vez entonadas las estrofas del Himno Nacional Argentino, la Prof. Laura Pierucci Directora de la instituci\u00f3n primaria, se dirigi\u00f3 a los presentes indicando que con esta propuesta, \u201cnos contactamos con uno de los m\u00e1s preciados legados de la humanidad que es el Libro, transmisor de v\u00ednculos, emociones y sentimientos;\u00a0 gracias a ellos viajamos en el espacio y el tiempo\u201d, indic\u00f3; \u201cla vida de los libros nos enriquece y transforma, nos hace m\u00e1s libres y cr\u00edticos, al tiempo que la lectura es un h\u00e1bito, y como todos los h\u00e1bitos se educa, ya que leer nos ayuda a so\u00f1ar y viajar, tambi\u00e9n a pensar e incluso re\u00edr\u201d, expres\u00f3 la Directora.<\/p>\n<p><a href=\"http:\/\/i1.wp.com\/www.radiolasparejas.com.ar\/wp-content\/uploads\/2017\/06\/61831327-ba88-4c30-9032-86a60eb04a24.jpg\" rel=\"lightbox[17528]\"><img loading=\"lazy\" decoding=\"async\" class=\"alignleft size-medium wp-image-17530\" src=\"http:\/\/i1.wp.com\/www.radiolasparejas.com.ar\/wp-content\/uploads\/2017\/06\/61831327-ba88-4c30-9032-86a60eb04a24.jpg?resize=169%2C300\" sizes=\"auto, (max-width: 169px) 100vw, 169px\" srcset=\"http:\/\/i1.wp.com\/www.radiolasparejas.com.ar\/wp-content\/uploads\/2017\/06\/61831327-ba88-4c30-9032-86a60eb04a24.jpg?resize=169%2C300 169w, http:\/\/i1.wp.com\/www.radiolasparejas.com.ar\/wp-content\/uploads\/2017\/06\/61831327-ba88-4c30-9032-86a60eb04a24.jpg?resize=576%2C1024 576w, http:\/\/i1.wp.com\/www.radiolasparejas.com.ar\/wp-content\/uploads\/2017\/06\/61831327-ba88-4c30-9032-86a60eb04a24.jpg?w=720 720w\" alt=\"61831327-ba88-4c30-9032-86a60eb04a24\" width=\"169\" height=\"300\" \/><\/a>En sus palabras, Pierucci aprovech\u00f3 la oportunidad para agradecer al Intendente Horacio Compagnucci, al Diputado Miguel Sol\u00eds y al Senador Guillermo Cornaglia \u201cpor el apoyo brindado para que la Feria sea una realidad, y tambi\u00e9n agradecer especialmente a la comunidad educativa que tanto trabaj\u00f3 para la organizaci\u00f3n de este evento\u201d.<\/p>\n<p>A continuaci\u00f3n, el Cura P\u00e1rroco Andr\u00e9s Sal\u00eds bendijo la apertura de la muestra, mientras que los alumnos de 4\u00b0 y 5\u00b0 grado realizaron \u00a0bailes t\u00edpicos para darle un marco de color a la muestra que continuar\u00e1 en el d\u00eda de ma\u00f1ana con Muestras Itinerantes y el Programa Noches Galileanas, perteneciente a la Secretar\u00eda de Estado de Ciencia, Tecnolog\u00eda e Innovaci\u00f3n del Gobierno de la Provincia.<\/p>\n<p>Fuente: Radio Las Parejas. 95.5<\/p>\n","protected":false},"excerpt":{"rendered":"<p>Declarada de inter\u00e9s municipal, este jueves 15, coincidiendo con el D\u00eda del Libro, comenz\u00f3 a desarrollarse la X Feria del Libro \u201cHab\u00eda una vez\u2026 una palabra\u2026 una frase\u2026 un cuento\u2026un libro\u201d que organiza la Escuela Dante Alighieri, en las instalaciones del Cine de Sociedad Italiana. En el acto apertura, una vez entonadas las estrofas del <a href=\"https:\/\/armstrongyregion.com.ar\/diario\/las-parejas-comenzo-la-x-feria-del-libro-organizada-por-la-escuela-dante-alighieri\/\" title=\"Read more\" >&#8230;<\/a><\/p>\n","protected":false},"author":1,"featured_media":13368,"comment_status":"open","ping_status":"open","sticky":false,"template":"","format":"standard","meta":{"_jetpack_memberships_contains_paid_content":false,"footnotes":"","jetpack_publicize_message":"","jetpack_publicize_feature_enabled":true,"jetpack_social_post_already_shared":false,"jetpack_social_options":{"image_generator_settings":{"template":"highway","default_image_id":0,"enabled":false},"version":2}},"categories":[6,1,3],"tags":[5569],"class_list":["post-13367","post","type-post","status-publish","format-standard","has-post-thumbnail","hentry","category-cultura-entretenimiento","category-diario-armstrong","category-region","tag-comenzo-la-x-feria-del-libro-organizada-por-la-escuela-dante-alighieri"],"jetpack_publicize_connections":[],"jetpack_featured_media_url":"https:\/\/armstrongyregion.com.ar\/diario\/wp-content\/uploads\/2017\/06\/Dante-1-.jpg","jetpack_shortlink":"https:\/\/wp.me\/p62QDO-3tB","jetpack_sharing_enabled":true,"amp_enabled":true,"_links":{"self":[{"href":"https:\/\/armstrongyregion.com.ar\/diario\/wp-json\/wp\/v2\/posts\/13367","targetHints":{"allow":["GET"]}}],"collection":[{"href":"https:\/\/armstrongyregion.com.ar\/diario\/wp-json\/wp\/v2\/posts"}],"about":[{"href":"https:\/\/armstrongyregion.com.ar\/diario\/wp-json\/wp\/v2\/types\/post"}],"author":[{"embeddable":true,"href":"https:\/\/armstrongyregion.com.ar\/diario\/wp-json\/wp\/v2\/users\/1"}],"replies":[{"embeddable":true,"href":"https:\/\/armstrongyregion.com.ar\/diario\/wp-json\/wp\/v2\/comments?post=13367"}],"version-history":[{"count":0,"href":"https:\/\/armstrongyregion.com.ar\/diario\/wp-json\/wp\/v2\/posts\/13367\/revisions"}],"wp:featuredmedia":[{"embeddable":true,"href":"https:\/\/armstrongyregion.com.ar\/diario\/wp-json\/wp\/v2\/media\/13368"}],"wp:attachment":[{"href":"https:\/\/armstrongyregion.com.ar\/diario\/wp-json\/wp\/v2\/media?parent=13367"}],"wp:term":[{"taxonomy":"category","embeddable":true,"href":"https:\/\/armstrongyregion.com.ar\/diario\/wp-json\/wp\/v2\/categories?post=13367"},{"taxonomy":"post_tag","embeddable":true,"href":"https:\/\/armstrongyregion.com.ar\/diario\/wp-json\/wp\/v2\/tags?post=13367"}],"curies":[{"name":"wp","href":"https:\/\/api.w.org\/{rel}","templated":true}]}}