{"id":13358,"date":"2017-06-14T21:52:05","date_gmt":"2017-06-14T21:52:05","guid":{"rendered":"https:\/\/armstrongyregion.com.ar\/diario\/?p=13358"},"modified":"2017-06-14T21:52:05","modified_gmt":"2017-06-14T21:52:05","slug":"gramigna-vamos-a-devolverle-a-armstrong-el-lugar-que-se-merece","status":"publish","type":"post","link":"https:\/\/armstrongyregion.com.ar\/diario\/gramigna-vamos-a-devolverle-a-armstrong-el-lugar-que-se-merece\/","title":{"rendered":"Gramigna \u00bb Vamos a devolverle a Armstrong el lugar que se merece\u00bb."},"content":{"rendered":"<p><a href=\"http:\/\/armstrongyregion.com.ar\/diario\/wp-content\/uploads\/2017\/06\/Emiliano-Gramigna1.jpg\"><img loading=\"lazy\" decoding=\"async\" class=\"alignnone size-medium wp-image-13359\" src=\"http:\/\/armstrongyregion.com.ar\/diario\/wp-content\/uploads\/2017\/06\/Emiliano-Gramigna1-300x169.jpg\" alt=\"Emiliano-Gramigna\" width=\"300\" height=\"169\" srcset=\"https:\/\/armstrongyregion.com.ar\/diario\/wp-content\/uploads\/2017\/06\/Emiliano-Gramigna1-300x169.jpg 300w, https:\/\/armstrongyregion.com.ar\/diario\/wp-content\/uploads\/2017\/06\/Emiliano-Gramigna1.jpg 768w\" sizes=\"auto, (max-width: 300px) 100vw, 300px\" \/><\/a>As\u00ed refiri\u00f3 el Concejal en la \u00faltima sesi\u00f3n del Concejo donde se le consult\u00f3 por su candidatura a Intendente y la baja de Adri\u00e1n Marozzi a la pelea electoral.<\/p>\n<p>\u00abMarozzi era un muy buen contrincante, lo conozco y doy fe de que era quien le pon\u00eda la cara a los reclamos de la gente mientras Verdecchia no atend\u00eda a nadie y se encerraba en su oficina\u00bb.<\/p>\n<p>Gramigna agreg\u00f3: \u00abNosotros somos una fuerza pol\u00edtica s\u00f3lida que no se mete en la rosca de los pol\u00edticos y sale a la calle a proponer proyectos para devolverle a Armstrong el lugar que se merece\u00bb<\/p>\n<p>En cuanto a la contienda electoral expres\u00f3 \u00abHay tres modelos marcados para elegir, uno es el modelo de la continuidad de las cosas como est\u00e1n, el otro es el rejunte del pasado y la opci\u00f3n del futuro que encarna Renovaci\u00f3n por Armstrong\u00bb<\/p>\n<p>El Concejal present\u00f3 dos proyectos, uno para hacer un refugio de pasajeros en Ferrero e Iraci y un pedido de informes sobre la colocaci\u00f3n de escombros en cunetas del camino 14.<\/p>\n","protected":false},"excerpt":{"rendered":"<p>As\u00ed refiri\u00f3 el Concejal en la \u00faltima sesi\u00f3n del Concejo donde se le consult\u00f3 por su candidatura a Intendente y la baja de Adri\u00e1n Marozzi a la pelea electoral. \u00abMarozzi era un muy buen contrincante, lo conozco y doy fe de que era quien le pon\u00eda la cara a los reclamos de la gente mientras <a href=\"https:\/\/armstrongyregion.com.ar\/diario\/gramigna-vamos-a-devolverle-a-armstrong-el-lugar-que-se-merece\/\" title=\"Read more\" >&#8230;<\/a><\/p>\n","protected":false},"author":1,"featured_media":13359,"comment_status":"open","ping_status":"open","sticky":false,"template":"","format":"standard","meta":{"_jetpack_memberships_contains_paid_content":false,"footnotes":"","jetpack_publicize_message":"","jetpack_publicize_feature_enabled":true,"jetpack_social_post_already_shared":false,"jetpack_social_options":{"image_generator_settings":{"template":"highway","default_image_id":0,"enabled":false},"version":2}},"categories":[8,1,2,7],"tags":[20,5566,388,13],"class_list":["post-13358","post","type-post","status-publish","format-standard","has-post-thumbnail","hentry","category-deliberando","category-diario-armstrong","category-locales","category-politica","tag-armstrong","tag-gramigna-vamos-a-devolverle-a-armstrong-el-lugar-que-se-merece","tag-region-2","tag-y"],"jetpack_publicize_connections":[],"jetpack_featured_media_url":"https:\/\/armstrongyregion.com.ar\/diario\/wp-content\/uploads\/2017\/06\/Emiliano-Gramigna1.jpg","jetpack_shortlink":"https:\/\/wp.me\/p62QDO-3ts","jetpack_sharing_enabled":true,"amp_enabled":true,"_links":{"self":[{"href":"https:\/\/armstrongyregion.com.ar\/diario\/wp-json\/wp\/v2\/posts\/13358","targetHints":{"allow":["GET"]}}],"collection":[{"href":"https:\/\/armstrongyregion.com.ar\/diario\/wp-json\/wp\/v2\/posts"}],"about":[{"href":"https:\/\/armstrongyregion.com.ar\/diario\/wp-json\/wp\/v2\/types\/post"}],"author":[{"embeddable":true,"href":"https:\/\/armstrongyregion.com.ar\/diario\/wp-json\/wp\/v2\/users\/1"}],"replies":[{"embeddable":true,"href":"https:\/\/armstrongyregion.com.ar\/diario\/wp-json\/wp\/v2\/comments?post=13358"}],"version-history":[{"count":0,"href":"https:\/\/armstrongyregion.com.ar\/diario\/wp-json\/wp\/v2\/posts\/13358\/revisions"}],"wp:featuredmedia":[{"embeddable":true,"href":"https:\/\/armstrongyregion.com.ar\/diario\/wp-json\/wp\/v2\/media\/13359"}],"wp:attachment":[{"href":"https:\/\/armstrongyregion.com.ar\/diario\/wp-json\/wp\/v2\/media?parent=13358"}],"wp:term":[{"taxonomy":"category","embeddable":true,"href":"https:\/\/armstrongyregion.com.ar\/diario\/wp-json\/wp\/v2\/categories?post=13358"},{"taxonomy":"post_tag","embeddable":true,"href":"https:\/\/armstrongyregion.com.ar\/diario\/wp-json\/wp\/v2\/tags?post=13358"}],"curies":[{"name":"wp","href":"https:\/\/api.w.org\/{rel}","templated":true}]}}