{"id":13351,"date":"2017-06-14T21:09:38","date_gmt":"2017-06-14T21:09:38","guid":{"rendered":"https:\/\/armstrongyregion.com.ar\/diario\/?p=13351"},"modified":"2017-06-14T21:09:38","modified_gmt":"2017-06-14T21:09:38","slug":"marozzi-informo-sobre-los-motivos-para-no-oficializar-su-candidatura","status":"publish","type":"post","link":"https:\/\/armstrongyregion.com.ar\/diario\/marozzi-informo-sobre-los-motivos-para-no-oficializar-su-candidatura\/","title":{"rendered":"Marozzi informo sobre los motivos para no oficializar su candidatura."},"content":{"rendered":"<p><a href=\"http:\/\/armstrongyregion.com.ar\/diario\/wp-content\/uploads\/2017\/06\/Marozzi-Armstrong-y-Region-1.jpg\"><img loading=\"lazy\" decoding=\"async\" class=\"alignnone size-medium wp-image-13352\" src=\"http:\/\/armstrongyregion.com.ar\/diario\/wp-content\/uploads\/2017\/06\/Marozzi-Armstrong-y-Region-1-300x220.jpg\" alt=\"Marozzi-Armstrong-y-Region-\" width=\"300\" height=\"220\" srcset=\"https:\/\/armstrongyregion.com.ar\/diario\/wp-content\/uploads\/2017\/06\/Marozzi-Armstrong-y-Region-1-300x220.jpg 300w, https:\/\/armstrongyregion.com.ar\/diario\/wp-content\/uploads\/2017\/06\/Marozzi-Armstrong-y-Region-1.jpg 920w\" sizes=\"auto, (max-width: 300px) 100vw, 300px\" \/><\/a>Al t\u00e9rmino de \u00a0la sesi\u00f3n ordinaria del martes el Pte Adrian Marozzi, fue consultado sobre su renuncia a la candidatura de intendente. \u201cPor respeto a un proyecto que viene de hace much\u00edsimos a\u00f1os, y mont\u00f3n de gente que participo y participa voy a manifestar lo siguiente: -En estos \u00faltimos tiempos se han creado ciertas situaciones o ciertas cuestiones que generaron una coyuntura que me llevo a tomar esta decisi\u00f3n de no oficializar mi candidatura\u201d.<\/p>\n<p>Siguiendo la misma l\u00ednea de discurso el edil expres\u00f3: \u201cHay un dicho que dice: Cuando se tira mucho de una cuerda llega un momento en que se corta, creo que buscando un bienestar general esta es una opci\u00f3n que tomo. Uno habla de que como pol\u00edtico debemos mejorar la calidad democr\u00e1tica y creo que tiene que primar una fuerte vocaci\u00f3n de servicio, escuchar y atender a los vecinos para tratar de solucionarle los problemas y no los intereses \u00b4personales ni la b\u00fasqueda de un cargo o sueldo\u201d.<\/p>\n<p>Marozzi agreg\u00f3: \u201cPor todas estas cuestiones decid\u00ed no oficializar mi lista y hacer un paso al costado para que las cosas sigan su curso. Pero tambi\u00e9n cabe aclarar que voy a apoyar a los candidatos del Frente Progresista C\u00edvico y Social porque son la mejor opci\u00f3n para no retroceder\u201d.<\/p>\n<p>Dentro del orden del d\u00eda, el edil expres\u00f3 que hubo un hecho de gran relevancia, se presentaron las actas del concurso para la construcci\u00f3n del edificio para el concejo municipal.<\/p>\n<p>&nbsp;<\/p>\n","protected":false},"excerpt":{"rendered":"<p>Al t\u00e9rmino de \u00a0la sesi\u00f3n ordinaria del martes el Pte Adrian Marozzi, fue consultado sobre su renuncia a la candidatura de intendente. \u201cPor respeto a un proyecto que viene de hace much\u00edsimos a\u00f1os, y mont\u00f3n de gente que participo y participa voy a manifestar lo siguiente: -En estos \u00faltimos tiempos se han creado ciertas situaciones <a href=\"https:\/\/armstrongyregion.com.ar\/diario\/marozzi-informo-sobre-los-motivos-para-no-oficializar-su-candidatura\/\" title=\"Read more\" >&#8230;<\/a><\/p>\n","protected":false},"author":1,"featured_media":13352,"comment_status":"open","ping_status":"open","sticky":false,"template":"","format":"standard","meta":{"_jetpack_memberships_contains_paid_content":false,"footnotes":"","jetpack_publicize_message":"","jetpack_publicize_feature_enabled":true,"jetpack_social_post_already_shared":false,"jetpack_social_options":{"image_generator_settings":{"template":"highway","default_image_id":0,"enabled":false},"version":2}},"categories":[8,1,2,7],"tags":[20,5563,388,13],"class_list":["post-13351","post","type-post","status-publish","format-standard","has-post-thumbnail","hentry","category-deliberando","category-diario-armstrong","category-locales","category-politica","tag-armstrong","tag-marozzi-informo-sobre-los-motivos-para-no-oficializar-su-candidatura","tag-region-2","tag-y"],"jetpack_publicize_connections":[],"jetpack_featured_media_url":"https:\/\/armstrongyregion.com.ar\/diario\/wp-content\/uploads\/2017\/06\/Marozzi-Armstrong-y-Region-1.jpg","jetpack_shortlink":"https:\/\/wp.me\/p62QDO-3tl","jetpack_sharing_enabled":true,"amp_enabled":true,"_links":{"self":[{"href":"https:\/\/armstrongyregion.com.ar\/diario\/wp-json\/wp\/v2\/posts\/13351","targetHints":{"allow":["GET"]}}],"collection":[{"href":"https:\/\/armstrongyregion.com.ar\/diario\/wp-json\/wp\/v2\/posts"}],"about":[{"href":"https:\/\/armstrongyregion.com.ar\/diario\/wp-json\/wp\/v2\/types\/post"}],"author":[{"embeddable":true,"href":"https:\/\/armstrongyregion.com.ar\/diario\/wp-json\/wp\/v2\/users\/1"}],"replies":[{"embeddable":true,"href":"https:\/\/armstrongyregion.com.ar\/diario\/wp-json\/wp\/v2\/comments?post=13351"}],"version-history":[{"count":0,"href":"https:\/\/armstrongyregion.com.ar\/diario\/wp-json\/wp\/v2\/posts\/13351\/revisions"}],"wp:featuredmedia":[{"embeddable":true,"href":"https:\/\/armstrongyregion.com.ar\/diario\/wp-json\/wp\/v2\/media\/13352"}],"wp:attachment":[{"href":"https:\/\/armstrongyregion.com.ar\/diario\/wp-json\/wp\/v2\/media?parent=13351"}],"wp:term":[{"taxonomy":"category","embeddable":true,"href":"https:\/\/armstrongyregion.com.ar\/diario\/wp-json\/wp\/v2\/categories?post=13351"},{"taxonomy":"post_tag","embeddable":true,"href":"https:\/\/armstrongyregion.com.ar\/diario\/wp-json\/wp\/v2\/tags?post=13351"}],"curies":[{"name":"wp","href":"https:\/\/api.w.org\/{rel}","templated":true}]}}