{"id":13345,"date":"2017-06-14T15:17:33","date_gmt":"2017-06-14T15:17:33","guid":{"rendered":"https:\/\/armstrongyregion.com.ar\/diario\/?p=13345"},"modified":"2017-06-14T15:17:33","modified_gmt":"2017-06-14T15:17:33","slug":"agro-activa-2017-un-exito-rotundo","status":"publish","type":"post","link":"https:\/\/armstrongyregion.com.ar\/diario\/agro-activa-2017-un-exito-rotundo\/","title":{"rendered":"Agro Activa 2017, un \u00e9xito rotundo"},"content":{"rendered":"<p><img loading=\"lazy\" decoding=\"async\" class=\"alignnone size-medium wp-image-13346\" src=\"http:\/\/armstrongyregion.com.ar\/diario\/wp-content\/uploads\/2017\/06\/agroactiva-armstrong-300x169.jpg\" alt=\"agroactiva-armstrong\" width=\"300\" height=\"169\" srcset=\"https:\/\/armstrongyregion.com.ar\/diario\/wp-content\/uploads\/2017\/06\/agroactiva-armstrong-300x169.jpg 300w, https:\/\/armstrongyregion.com.ar\/diario\/wp-content\/uploads\/2017\/06\/agroactiva-armstrong-1024x576.jpg 1024w\" sizes=\"auto, (max-width: 300px) 100vw, 300px\" \/><\/p>\n<p>En la ma\u00f1ana del martes 13 de junio, el Intendente Dr. Pablo Verdecchia junto a autoridades de Agro Activa ofrecieron una conferencia de prensa realizando un balance de lo que fue la edici\u00f3n N\u00b0 23 de la muestra m\u00e1s grande del campo argentino.<\/p>\n<p>Las autoridades manifestaron que este evento nos ha enorgullecido como armstronenses por la gran cantidad de p\u00fablico argentino y extranjero asistente, por la cantidad de maquinaria y empresas participantes.<\/p>\n<p>\u201cHa sido una excelente muestra que no s\u00f3lo es una de las mayores en latinoam\u00e9rica sino que puso a nuestra ciudad en el centro del pa\u00eds, m\u00e1s all\u00e1 de la ubicaci\u00f3n privilegiada que tenemos en el coraz\u00f3n productivo agropecuario de Argentina, destacando que a nivel negocios ha sido una muy buena Agro Activa\u201d, manifest\u00f3 el Intendente Dr. Pablo Verdecchia al tiempo que agreg\u00f3 que ahora hay que ver qu\u00e9 qued\u00f3 en el debe y en el haber para mejorar la edici\u00f3n del a\u00f1o que viene.<\/p>\n<p>Por su parte, la Presidenta de Agro Activa Arq. Rosana Nardi expres\u00f3 que \u00e9sta fue una de las m\u00e1s exitosas en la historia y trayectoria de la muestra estando desde hace 23 a\u00f1os ininterrumpidamente junto al sector agropecuario.<\/p>\n<p>\u201cLos resultados de esta muestra no han hecho m\u00e1s que reafirmar la excelente elecci\u00f3n que hemos tenido tray\u00e9ndola a esta ciudad, sabiendo que cont\u00e1bamos con el apoyo del Intendente. Nos sorprendi\u00f3 la enorme cantidad de p\u00fablico general y espec\u00edfico que vino y que se volc\u00f3 a hacer negocios, a disfrutar, a pasarla bien, porque para eso est\u00e1 hecho Agro Activa. Eso nos desbord\u00f3 a todos y nos dej\u00f3 con sensaci\u00f3n de una enorme alegr\u00eda por lo que es muy probable que volvamos a repetirla aqu\u00ed el a\u00f1o que viene\u201d, dijo Nardi.<\/p>\n<p>Algunos n\u00fameros concretos que dej\u00f3 esta edici\u00f3n: Banco Macro cerr\u00f3 cr\u00e9ditos por u$s 3.500 millones; Banco Naci\u00f3n cerr\u00f3 operaciones por u$s 5.500 millones, seg\u00fan publicaciones oficiales, mientras que en la ronda de negocios estiman operaciones por u$s 5.400 millones, y esto es una peque\u00f1a muestra de lo que sucedi\u00f3 durante estos cuatro d\u00edas.<\/p>\n","protected":false},"excerpt":{"rendered":"<p>En la ma\u00f1ana del martes 13 de junio, el Intendente Dr. Pablo Verdecchia junto a autoridades de Agro Activa ofrecieron una conferencia de prensa realizando un balance de lo que fue la edici\u00f3n N\u00b0 23 de la muestra m\u00e1s grande del campo argentino. Las autoridades manifestaron que este evento nos ha enorgullecido como armstronenses por <a href=\"https:\/\/armstrongyregion.com.ar\/diario\/agro-activa-2017-un-exito-rotundo\/\" title=\"Read more\" >&#8230;<\/a><\/p>\n","protected":false},"author":2,"featured_media":13346,"comment_status":"open","ping_status":"open","sticky":false,"template":"","format":"standard","meta":{"_jetpack_memberships_contains_paid_content":false,"footnotes":"","jetpack_publicize_message":"","jetpack_publicize_feature_enabled":true,"jetpack_social_post_already_shared":false,"jetpack_social_options":{"image_generator_settings":{"template":"highway","default_image_id":0,"enabled":false},"version":2}},"categories":[1,2],"tags":[5560,5561],"class_list":["post-13345","post","type-post","status-publish","format-standard","has-post-thumbnail","hentry","category-diario-armstrong","category-locales","tag-agro-activa-2017","tag-armstrong-agroactiva-2017"],"jetpack_publicize_connections":[],"jetpack_featured_media_url":"https:\/\/armstrongyregion.com.ar\/diario\/wp-content\/uploads\/2017\/06\/agroactiva-armstrong.jpg","jetpack_shortlink":"https:\/\/wp.me\/p62QDO-3tf","jetpack_sharing_enabled":true,"amp_enabled":true,"_links":{"self":[{"href":"https:\/\/armstrongyregion.com.ar\/diario\/wp-json\/wp\/v2\/posts\/13345","targetHints":{"allow":["GET"]}}],"collection":[{"href":"https:\/\/armstrongyregion.com.ar\/diario\/wp-json\/wp\/v2\/posts"}],"about":[{"href":"https:\/\/armstrongyregion.com.ar\/diario\/wp-json\/wp\/v2\/types\/post"}],"author":[{"embeddable":true,"href":"https:\/\/armstrongyregion.com.ar\/diario\/wp-json\/wp\/v2\/users\/2"}],"replies":[{"embeddable":true,"href":"https:\/\/armstrongyregion.com.ar\/diario\/wp-json\/wp\/v2\/comments?post=13345"}],"version-history":[{"count":0,"href":"https:\/\/armstrongyregion.com.ar\/diario\/wp-json\/wp\/v2\/posts\/13345\/revisions"}],"wp:featuredmedia":[{"embeddable":true,"href":"https:\/\/armstrongyregion.com.ar\/diario\/wp-json\/wp\/v2\/media\/13346"}],"wp:attachment":[{"href":"https:\/\/armstrongyregion.com.ar\/diario\/wp-json\/wp\/v2\/media?parent=13345"}],"wp:term":[{"taxonomy":"category","embeddable":true,"href":"https:\/\/armstrongyregion.com.ar\/diario\/wp-json\/wp\/v2\/categories?post=13345"},{"taxonomy":"post_tag","embeddable":true,"href":"https:\/\/armstrongyregion.com.ar\/diario\/wp-json\/wp\/v2\/tags?post=13345"}],"curies":[{"name":"wp","href":"https:\/\/api.w.org\/{rel}","templated":true}]}}