{"id":13311,"date":"2017-06-12T23:08:26","date_gmt":"2017-06-12T23:08:26","guid":{"rendered":"https:\/\/armstrongyregion.com.ar\/diario\/?p=13311"},"modified":"2017-06-13T01:08:27","modified_gmt":"2017-06-13T01:08:27","slug":"verdecchia-en-conferencia-de-prensa-lanzo-su-reeleccion","status":"publish","type":"post","link":"https:\/\/armstrongyregion.com.ar\/diario\/verdecchia-en-conferencia-de-prensa-lanzo-su-reeleccion\/","title":{"rendered":"Verdecchia en conferencia de prensa lanzo su reelecci\u00f3n."},"content":{"rendered":"<p><a href=\"http:\/\/armstrongyregion.com.ar\/diario\/wp-content\/uploads\/2017\/06\/rosana-3-.jpg\"><img loading=\"lazy\" decoding=\"async\" class=\"alignnone size-medium wp-image-13312\" src=\"http:\/\/armstrongyregion.com.ar\/diario\/wp-content\/uploads\/2017\/06\/rosana-3--300x169.jpg\" alt=\"rosana-3-\" width=\"300\" height=\"169\" srcset=\"https:\/\/armstrongyregion.com.ar\/diario\/wp-content\/uploads\/2017\/06\/rosana-3--300x169.jpg 300w, https:\/\/armstrongyregion.com.ar\/diario\/wp-content\/uploads\/2017\/06\/rosana-3-.jpg 768w\" sizes=\"auto, (max-width: 300px) 100vw, 300px\" \/><\/a>El intendente Pablo Verdecchia en la tarde de hoy, reuni\u00f3 a los medios locales para hacer anuncio de su candidatura cuando termine su segundo per\u00edodo buscar\u00e1 un tercero.<\/p>\n<p><a href=\"http:\/\/armstrongyregion.com.ar\/diario\/wp-content\/uploads\/2017\/06\/rosana-1-.jpg\"><img loading=\"lazy\" decoding=\"async\" class=\"alignnone size-medium wp-image-13314\" src=\"http:\/\/armstrongyregion.com.ar\/diario\/wp-content\/uploads\/2017\/06\/rosana-1--300x169.jpg\" alt=\"rosana-1-\" width=\"300\" height=\"169\" srcset=\"https:\/\/armstrongyregion.com.ar\/diario\/wp-content\/uploads\/2017\/06\/rosana-1--300x169.jpg 300w, https:\/\/armstrongyregion.com.ar\/diario\/wp-content\/uploads\/2017\/06\/rosana-1-.jpg 960w\" sizes=\"auto, (max-width: 300px) 100vw, 300px\" \/><\/a>\u201cHe decidido despu\u00e9s de una semana de muchas consultas a referentes locales de nuestro partido y ante la declinaci\u00f3n de Adri\u00e1n Marozzi candidato que llevaba la UCR dentro del Frente Progresista C\u00edvico y Social, me han convencido de que acepte para competir por un tercer periodo para la intendencia. Y que sigamos con este cambio para nuestra sociedad, que comenzamos en el 2009, este cambio que no puede volver atr\u00e1s, con muchas obras, y con el acompa\u00f1amiento de muchos dirigentes de nuestro partido\u201d. Expres\u00f3 el intendente.<\/p>\n<p><a href=\"http:\/\/armstrongyregion.com.ar\/diario\/wp-content\/uploads\/2017\/06\/Rosana-2.jpg\"><img loading=\"lazy\" decoding=\"async\" class=\"alignnone size-medium wp-image-13316\" src=\"http:\/\/armstrongyregion.com.ar\/diario\/wp-content\/uploads\/2017\/06\/Rosana-2-300x169.jpg\" alt=\"Rosana-2\" width=\"300\" height=\"169\" srcset=\"https:\/\/armstrongyregion.com.ar\/diario\/wp-content\/uploads\/2017\/06\/Rosana-2-300x169.jpg 300w, https:\/\/armstrongyregion.com.ar\/diario\/wp-content\/uploads\/2017\/06\/Rosana-2.jpg 960w\" sizes=\"auto, (max-width: 300px) 100vw, 300px\" \/><\/a>\u201cEl cambio de postura que tome- reiter\u00f3- fue luego de muchas consultas partidarias, \u00a0debido a la declinaci\u00f3n de Adrian Marozzi, quien nos ha tomado por sorpresa pero fue una decisi\u00f3n personal y ante eso debemos ser respetuosos\u201d.<\/p>\n<p>Sugerimos escuchar el audio Completo.<\/p>\n<!--[if lt IE 9]><script>document.createElement('audio');<\/script><![endif]-->\n<audio class=\"wp-audio-shortcode\" id=\"audio-13311-1\" preload=\"none\" style=\"width: 100%;\" controls=\"controls\"><source type=\"audio\/mpeg\" src=\"http:\/\/armstrongyregion.com.ar\/diario\/wp-content\/uploads\/2017\/06\/audio-v-armstrong-region.mp3?_=1\" \/><a href=\"http:\/\/armstrongyregion.com.ar\/diario\/wp-content\/uploads\/2017\/06\/audio-v-armstrong-region.mp3\">http:\/\/armstrongyregion.com.ar\/diario\/wp-content\/uploads\/2017\/06\/audio-v-armstrong-region.mp3<\/a><\/audio>\n<p>Intendente Verdecchia- Prof. Rosana Siri- Prof. Omar Maiani.<\/p>\n","protected":false},"excerpt":{"rendered":"<p>El intendente Pablo Verdecchia en la tarde de hoy, reuni\u00f3 a los medios locales para hacer anuncio de su candidatura cuando termine su segundo per\u00edodo buscar\u00e1 un tercero. \u201cHe decidido despu\u00e9s de una semana de muchas consultas a referentes locales de nuestro partido y ante la declinaci\u00f3n de Adri\u00e1n Marozzi candidato que llevaba la UCR <a href=\"https:\/\/armstrongyregion.com.ar\/diario\/verdecchia-en-conferencia-de-prensa-lanzo-su-reeleccion\/\" title=\"Read more\" >&#8230;<\/a><\/p>\n","protected":false},"author":1,"featured_media":13312,"comment_status":"open","ping_status":"open","sticky":false,"template":"","format":"standard","meta":{"_jetpack_memberships_contains_paid_content":false,"footnotes":"","jetpack_publicize_message":"","jetpack_publicize_feature_enabled":true,"jetpack_social_post_already_shared":false,"jetpack_social_options":{"image_generator_settings":{"template":"highway","default_image_id":0,"enabled":false},"version":2}},"categories":[8,1,2,7],"tags":[20,388,5554,13],"class_list":["post-13311","post","type-post","status-publish","format-standard","has-post-thumbnail","hentry","category-deliberando","category-diario-armstrong","category-locales","category-politica","tag-armstrong","tag-region-2","tag-verdecchia-en-conferencia-de-prensa-lanzo-su-reeleccion","tag-y"],"jetpack_publicize_connections":[],"jetpack_featured_media_url":"https:\/\/armstrongyregion.com.ar\/diario\/wp-content\/uploads\/2017\/06\/rosana-3-.jpg","jetpack_shortlink":"https:\/\/wp.me\/p62QDO-3sH","jetpack_sharing_enabled":true,"amp_enabled":true,"_links":{"self":[{"href":"https:\/\/armstrongyregion.com.ar\/diario\/wp-json\/wp\/v2\/posts\/13311","targetHints":{"allow":["GET"]}}],"collection":[{"href":"https:\/\/armstrongyregion.com.ar\/diario\/wp-json\/wp\/v2\/posts"}],"about":[{"href":"https:\/\/armstrongyregion.com.ar\/diario\/wp-json\/wp\/v2\/types\/post"}],"author":[{"embeddable":true,"href":"https:\/\/armstrongyregion.com.ar\/diario\/wp-json\/wp\/v2\/users\/1"}],"replies":[{"embeddable":true,"href":"https:\/\/armstrongyregion.com.ar\/diario\/wp-json\/wp\/v2\/comments?post=13311"}],"version-history":[{"count":0,"href":"https:\/\/armstrongyregion.com.ar\/diario\/wp-json\/wp\/v2\/posts\/13311\/revisions"}],"wp:featuredmedia":[{"embeddable":true,"href":"https:\/\/armstrongyregion.com.ar\/diario\/wp-json\/wp\/v2\/media\/13312"}],"wp:attachment":[{"href":"https:\/\/armstrongyregion.com.ar\/diario\/wp-json\/wp\/v2\/media?parent=13311"}],"wp:term":[{"taxonomy":"category","embeddable":true,"href":"https:\/\/armstrongyregion.com.ar\/diario\/wp-json\/wp\/v2\/categories?post=13311"},{"taxonomy":"post_tag","embeddable":true,"href":"https:\/\/armstrongyregion.com.ar\/diario\/wp-json\/wp\/v2\/tags?post=13311"}],"curies":[{"name":"wp","href":"https:\/\/api.w.org\/{rel}","templated":true}]}}