{"id":13295,"date":"2017-06-10T15:22:06","date_gmt":"2017-06-10T15:22:06","guid":{"rendered":"https:\/\/armstrongyregion.com.ar\/diario\/?p=13295"},"modified":"2017-06-10T16:38:54","modified_gmt":"2017-06-10T16:38:54","slug":"llego-la-7a-edicion-de-las-rosas-lee","status":"publish","type":"post","link":"https:\/\/armstrongyregion.com.ar\/diario\/llego-la-7a-edicion-de-las-rosas-lee\/","title":{"rendered":"Lleg\u00f3 la 7ma. edici\u00f3n de \u00abLas Rosas Lee\u00bb."},"content":{"rendered":"<p><a href=\"http:\/\/armstrongyregion.com.ar\/diario\/wp-content\/uploads\/2017\/06\/Gabriela-Aias-Uriburu-.jpg\"><img loading=\"lazy\" decoding=\"async\" class=\"alignnone size-medium wp-image-13296\" src=\"http:\/\/armstrongyregion.com.ar\/diario\/wp-content\/uploads\/2017\/06\/Gabriela-Aias-Uriburu--300x200.jpg\" alt=\"Gabriela-Aias-Uriburu-\" width=\"300\" height=\"200\" srcset=\"https:\/\/armstrongyregion.com.ar\/diario\/wp-content\/uploads\/2017\/06\/Gabriela-Aias-Uriburu--300x200.jpg 300w, https:\/\/armstrongyregion.com.ar\/diario\/wp-content\/uploads\/2017\/06\/Gabriela-Aias-Uriburu-.jpg 768w\" sizes=\"auto, (max-width: 300px) 100vw, 300px\" \/><\/a>En la ma\u00f1ana de hoy, pasadas las 10 AM, se inici\u00f3 la 7ma edici\u00f3n de \u201cLas Rosas Lee\u201d, organizada por Biblioteca Popular D. F. Sarmiento.<\/p>\n<p><a href=\"http:\/\/armstrongyregion.com.ar\/diario\/wp-content\/uploads\/2017\/06\/Gabriela-Arias-.jpg\"><img loading=\"lazy\" decoding=\"async\" class=\"alignnone size-medium wp-image-13297\" src=\"http:\/\/armstrongyregion.com.ar\/diario\/wp-content\/uploads\/2017\/06\/Gabriela-Arias--300x220.jpg\" alt=\"Gabriela-Arias-\" width=\"300\" height=\"220\" srcset=\"https:\/\/armstrongyregion.com.ar\/diario\/wp-content\/uploads\/2017\/06\/Gabriela-Arias--300x220.jpg 300w, https:\/\/armstrongyregion.com.ar\/diario\/wp-content\/uploads\/2017\/06\/Gabriela-Arias-.jpg 768w\" sizes=\"auto, (max-width: 300px) 100vw, 300px\" \/><\/a>La apertura de la Feria del Libro tuvo a una invitada especial\u00a0 Gabriela Arias Uriburu, quien present\u00f3\u00a0 su nuevo ejemplar \u00a0\u201cAl encuentro del coraz\u00f3n\u201d.<\/p>\n<p>A Gabriela Arias Uriburu pareciera que la vida le impone el don de elevar lo cotidiano a la condici\u00f3n de metaf\u00f3rico. Tal vez ese talento haya nacido de los desaf\u00edos que debi\u00f3 enfrentar en su historia y de la necesidad imperante de tener que transitar un camino en el que no hab\u00eda gu\u00eda ni otra huella mas que su propio instinto, su propia fuerza.<\/p>\n<p>\u00abAl encuentro del coraz\u00f3n\u00bb se sumerge en lo m\u00e1s profundo de nuestras relaciones, all\u00ed donde el hombre y la mujer necesitan comprender que para llegar al amor hay ciclos que atravesar.<\/p>\n","protected":false},"excerpt":{"rendered":"<p>En la ma\u00f1ana de hoy, pasadas las 10 AM, se inici\u00f3 la 7ma edici\u00f3n de \u201cLas Rosas Lee\u201d, organizada por Biblioteca Popular D. F. Sarmiento. La apertura de la Feria del Libro tuvo a una invitada especial\u00a0 Gabriela Arias Uriburu, quien present\u00f3\u00a0 su nuevo ejemplar \u00a0\u201cAl encuentro del coraz\u00f3n\u201d. A Gabriela Arias Uriburu pareciera que <a href=\"https:\/\/armstrongyregion.com.ar\/diario\/llego-la-7a-edicion-de-las-rosas-lee\/\" title=\"Read more\" >&#8230;<\/a><\/p>\n","protected":false},"author":1,"featured_media":13296,"comment_status":"open","ping_status":"open","sticky":false,"template":"","format":"standard","meta":{"_jetpack_memberships_contains_paid_content":false,"footnotes":"","jetpack_publicize_message":"","jetpack_publicize_feature_enabled":true,"jetpack_social_post_already_shared":false,"jetpack_social_options":{"image_generator_settings":{"template":"highway","default_image_id":0,"enabled":false},"version":2}},"categories":[6,1,2,3],"tags":[5550],"class_list":["post-13295","post","type-post","status-publish","format-standard","has-post-thumbnail","hentry","category-cultura-entretenimiento","category-diario-armstrong","category-locales","category-region","tag-llego-la-7a-edicion-de-las-rosas-lee"],"jetpack_publicize_connections":[],"jetpack_featured_media_url":"https:\/\/armstrongyregion.com.ar\/diario\/wp-content\/uploads\/2017\/06\/Gabriela-Aias-Uriburu-.jpg","jetpack_shortlink":"https:\/\/wp.me\/p62QDO-3sr","jetpack_sharing_enabled":true,"amp_enabled":true,"_links":{"self":[{"href":"https:\/\/armstrongyregion.com.ar\/diario\/wp-json\/wp\/v2\/posts\/13295","targetHints":{"allow":["GET"]}}],"collection":[{"href":"https:\/\/armstrongyregion.com.ar\/diario\/wp-json\/wp\/v2\/posts"}],"about":[{"href":"https:\/\/armstrongyregion.com.ar\/diario\/wp-json\/wp\/v2\/types\/post"}],"author":[{"embeddable":true,"href":"https:\/\/armstrongyregion.com.ar\/diario\/wp-json\/wp\/v2\/users\/1"}],"replies":[{"embeddable":true,"href":"https:\/\/armstrongyregion.com.ar\/diario\/wp-json\/wp\/v2\/comments?post=13295"}],"version-history":[{"count":0,"href":"https:\/\/armstrongyregion.com.ar\/diario\/wp-json\/wp\/v2\/posts\/13295\/revisions"}],"wp:featuredmedia":[{"embeddable":true,"href":"https:\/\/armstrongyregion.com.ar\/diario\/wp-json\/wp\/v2\/media\/13296"}],"wp:attachment":[{"href":"https:\/\/armstrongyregion.com.ar\/diario\/wp-json\/wp\/v2\/media?parent=13295"}],"wp:term":[{"taxonomy":"category","embeddable":true,"href":"https:\/\/armstrongyregion.com.ar\/diario\/wp-json\/wp\/v2\/categories?post=13295"},{"taxonomy":"post_tag","embeddable":true,"href":"https:\/\/armstrongyregion.com.ar\/diario\/wp-json\/wp\/v2\/tags?post=13295"}],"curies":[{"name":"wp","href":"https:\/\/api.w.org\/{rel}","templated":true}]}}