{"id":13292,"date":"2017-06-10T14:50:35","date_gmt":"2017-06-10T14:50:35","guid":{"rendered":"https:\/\/armstrongyregion.com.ar\/diario\/?p=13292"},"modified":"2017-06-10T14:50:35","modified_gmt":"2017-06-10T14:50:35","slug":"preocupa-la-importacion-de-maquinas-agricolas","status":"publish","type":"post","link":"https:\/\/armstrongyregion.com.ar\/diario\/preocupa-la-importacion-de-maquinas-agricolas\/","title":{"rendered":"Preocupa la importaci\u00f3n de m\u00e1quinas agr\u00edcolas."},"content":{"rendered":"<p><a href=\"http:\/\/armstrongyregion.com.ar\/diario\/wp-content\/uploads\/2017\/06\/Crucianelli-.jpg\"><img loading=\"lazy\" decoding=\"async\" class=\"alignnone size-medium wp-image-13293\" src=\"http:\/\/armstrongyregion.com.ar\/diario\/wp-content\/uploads\/2017\/06\/Crucianelli--300x169.jpg\" alt=\"Crucianelli-Armstrong-y-Region-\" width=\"300\" height=\"169\" srcset=\"https:\/\/armstrongyregion.com.ar\/diario\/wp-content\/uploads\/2017\/06\/Crucianelli--300x169.jpg 300w, https:\/\/armstrongyregion.com.ar\/diario\/wp-content\/uploads\/2017\/06\/Crucianelli-.jpg 768w\" sizes=\"auto, (max-width: 300px) 100vw, 300px\" \/><\/a>\u00abHay algunas luces rojas\u00bb, alert\u00f3 la C\u00e1mara Argentina de Fabricantes de Maquinaria Agr\u00edcola (Cafma).<\/p>\n<p><em>\u00abHay algunas luces rojas sobre la importaci\u00f3n de maquinaria agr\u00edcola\u00bb<\/em>, alert\u00f3 Ra\u00fal Crucianelli, presidente de la entidad que agrupa a m\u00e1s de 220 fabricantes nacionales.<\/p>\n<p><em>\u00abDespu\u00e9s de a\u00f1os de estancamiento nuestro sector est\u00e1 empezando a funcionar bien, pero la importaci\u00f3n de equipos afecta al funcionamiento de nuestra actividad. Pasar de una importaci\u00f3n totalmente controlada como hab\u00eda sido en otro momento a un descontrol de importaciones ser\u00eda lamentable\u00bb,<\/em> advirti\u00f3 el dirigente.<\/p>\n<p>Dentro de la maquinaria agr\u00edcola, hay una especial preocupaci\u00f3n en los fabricantes de silos, ya que est\u00e1n ingresando equipos casi al valor de lo que cuesta la chapa en Argentina, sobre todo en los medianos y chicos. <em>\u00abTambi\u00e9n est\u00e1n afectados los equipos de fumigaci\u00f3n y las sembradoras, ya que se ha registrado la importaci\u00f3n de equipos con cr\u00e9dito otorgado y a valores por debajo de lo que corresponde\u00bb<\/em>, detall\u00f3 Crucianelli.<\/p>\n<p>Seg\u00fan el directivo, tambi\u00e9n se da una competencia desleal porque los importados acceden al mismo cr\u00e9dito que los fabricantes nacionales.<em> \u00abEso no corresponde. Los impuestos de los argentinos tienen que estar afectados a cr\u00e9ditos para mano de obra de los argentinos\u00bb<\/em>, advirti\u00f3.<\/p>\n<p>Fuente: <a href=\"http:\/\/www.lacapital.com.ar\/economia\/preocupa-la-importacion-maquinas-agricolas-n1412071.html\" target=\"_blank\" rel=\"noopener noreferrer\">Diario La Capital<\/a><\/p>\n","protected":false},"excerpt":{"rendered":"<p>\u00abHay algunas luces rojas\u00bb, alert\u00f3 la C\u00e1mara Argentina de Fabricantes de Maquinaria Agr\u00edcola (Cafma). \u00abHay algunas luces rojas sobre la importaci\u00f3n de maquinaria agr\u00edcola\u00bb, alert\u00f3 Ra\u00fal Crucianelli, presidente de la entidad que agrupa a m\u00e1s de 220 fabricantes nacionales. \u00abDespu\u00e9s de a\u00f1os de estancamiento nuestro sector est\u00e1 empezando a funcionar bien, pero la importaci\u00f3n de <a href=\"https:\/\/armstrongyregion.com.ar\/diario\/preocupa-la-importacion-de-maquinas-agricolas\/\" title=\"Read more\" >&#8230;<\/a><\/p>\n","protected":false},"author":1,"featured_media":13293,"comment_status":"open","ping_status":"open","sticky":false,"template":"","format":"standard","meta":{"_jetpack_memberships_contains_paid_content":false,"footnotes":"","jetpack_publicize_message":"","jetpack_publicize_feature_enabled":true,"jetpack_social_post_already_shared":false,"jetpack_social_options":{"image_generator_settings":{"template":"highway","default_image_id":0,"enabled":false},"version":2}},"categories":[1,2819,2,3],"tags":[20,5549,388,13],"class_list":["post-13292","post","type-post","status-publish","format-standard","has-post-thumbnail","hentry","category-diario-armstrong","category-el-pais","category-locales","category-region","tag-armstrong","tag-preocupa-la-importacion-de-maquinas-agricolas","tag-region-2","tag-y"],"jetpack_publicize_connections":[],"jetpack_featured_media_url":"https:\/\/armstrongyregion.com.ar\/diario\/wp-content\/uploads\/2017\/06\/Crucianelli-.jpg","jetpack_shortlink":"https:\/\/wp.me\/p62QDO-3so","jetpack_sharing_enabled":true,"amp_enabled":true,"_links":{"self":[{"href":"https:\/\/armstrongyregion.com.ar\/diario\/wp-json\/wp\/v2\/posts\/13292","targetHints":{"allow":["GET"]}}],"collection":[{"href":"https:\/\/armstrongyregion.com.ar\/diario\/wp-json\/wp\/v2\/posts"}],"about":[{"href":"https:\/\/armstrongyregion.com.ar\/diario\/wp-json\/wp\/v2\/types\/post"}],"author":[{"embeddable":true,"href":"https:\/\/armstrongyregion.com.ar\/diario\/wp-json\/wp\/v2\/users\/1"}],"replies":[{"embeddable":true,"href":"https:\/\/armstrongyregion.com.ar\/diario\/wp-json\/wp\/v2\/comments?post=13292"}],"version-history":[{"count":0,"href":"https:\/\/armstrongyregion.com.ar\/diario\/wp-json\/wp\/v2\/posts\/13292\/revisions"}],"wp:featuredmedia":[{"embeddable":true,"href":"https:\/\/armstrongyregion.com.ar\/diario\/wp-json\/wp\/v2\/media\/13293"}],"wp:attachment":[{"href":"https:\/\/armstrongyregion.com.ar\/diario\/wp-json\/wp\/v2\/media?parent=13292"}],"wp:term":[{"taxonomy":"category","embeddable":true,"href":"https:\/\/armstrongyregion.com.ar\/diario\/wp-json\/wp\/v2\/categories?post=13292"},{"taxonomy":"post_tag","embeddable":true,"href":"https:\/\/armstrongyregion.com.ar\/diario\/wp-json\/wp\/v2\/tags?post=13292"}],"curies":[{"name":"wp","href":"https:\/\/api.w.org\/{rel}","templated":true}]}}