{"id":13208,"date":"2017-06-04T15:12:07","date_gmt":"2017-06-04T15:12:07","guid":{"rendered":"https:\/\/armstrongyregion.com.ar\/diario\/?p=13208"},"modified":"2017-06-04T15:12:07","modified_gmt":"2017-06-04T15:12:07","slug":"masiva-marcha-y-acto-en-rosario-contra-la-violencia-machista","status":"publish","type":"post","link":"https:\/\/armstrongyregion.com.ar\/diario\/masiva-marcha-y-acto-en-rosario-contra-la-violencia-machista\/","title":{"rendered":"Masiva marcha y acto en Rosario contra la violencia machista."},"content":{"rendered":"<p><a href=\"http:\/\/armstrongyregion.com.ar\/diario\/wp-content\/uploads\/2017\/06\/niuna010.jpg_1305449671.jpg\"><img loading=\"lazy\" decoding=\"async\" class=\"alignnone size-medium wp-image-13209\" src=\"http:\/\/armstrongyregion.com.ar\/diario\/wp-content\/uploads\/2017\/06\/niuna010.jpg_1305449671-300x169.jpg\" alt=\"niuna010.jpg_1305449671\" width=\"300\" height=\"169\" srcset=\"https:\/\/armstrongyregion.com.ar\/diario\/wp-content\/uploads\/2017\/06\/niuna010.jpg_1305449671-300x169.jpg 300w, https:\/\/armstrongyregion.com.ar\/diario\/wp-content\/uploads\/2017\/06\/niuna010.jpg_1305449671.jpg 847w\" sizes=\"auto, (max-width: 300px) 100vw, 300px\" \/><\/a>Unas diez mil personas se movilizaron desde la plaza Montenegro hasta el Parque de Espa\u00f1a, donde se llev\u00f3 a cabo un festival.\u00a0El reclamo se replic\u00f3\u00a0en diferentes localidades de la provincia y del pa\u00eds.<\/p>\n<p>Unas diez mil personas marcharon este s\u00e1bado a la tarde desde la plaza Montenegro hasta el Parque de Espa\u00f1a en defensa de los derechos de las mujeres y contra la violencia machista. \u00abNi una menos, vivas y libres nos queremos\u00bb, fue la oraci\u00f3n que se grit\u00f3 a viva voz por las calles c\u00e9ntricas de la ciudad. En el escenario central, integrantes del colectivo Ni Una Menos leyeron un documento en el que reclamaron al Estado, en sus tres niveles, que se haga responsable y aplique pol\u00edticas p\u00fablicas de prevenci\u00f3n a la violencia de g\u00e9nero y presupuesto que est\u00e9 a la altura de las alarmantes estad\u00edsticas que tienen lugar en el pa\u00eds: hay un femicidio cada 26 horas.<\/p>\n<p><a href=\"http:\/\/armstrongyregion.com.ar\/diario\/wp-content\/uploads\/2017\/06\/indexniuna.jpg_831401570.jpg\"><img loading=\"lazy\" decoding=\"async\" class=\"alignnone size-medium wp-image-13210\" src=\"http:\/\/armstrongyregion.com.ar\/diario\/wp-content\/uploads\/2017\/06\/indexniuna.jpg_831401570-300x165.jpg\" alt=\"indexniuna.jpg_831401570\" width=\"300\" height=\"165\" srcset=\"https:\/\/armstrongyregion.com.ar\/diario\/wp-content\/uploads\/2017\/06\/indexniuna.jpg_831401570-300x165.jpg 300w, https:\/\/armstrongyregion.com.ar\/diario\/wp-content\/uploads\/2017\/06\/indexniuna.jpg_831401570.jpg 583w\" sizes=\"auto, (max-width: 300px) 100vw, 300px\" \/><\/a>Cuadras y cuadras de personas de m\u00faltiples edades. Banderas de todos los colores y partidos pol\u00edticos se unieron en los mismos pedidos: que haya paridad en las condiciones laborales y en el acceso a puestos de trabajo, igualdad en los ingresos econ\u00f3micos, educaci\u00f3n sexual integral, aborto legal, seguro y gratuito, capacitaci\u00f3n con perspectivas de g\u00e9nero a funcionarios judiciales y a la Polic\u00eda, entre otros puntos.<\/p>\n<p>\u00abEs mentira que estas marchas sean violentas. Ac\u00e1 se respira paz porque se respira libertad\u00bb, dijo una se\u00f1ora a <em><strong>Rosario3.com<\/strong><\/em> mientras caminaba por Mitre y Salta, en la columna que estaba por desembocar en el Parque de Espa\u00f1a. La mujer hac\u00eda referencia al Encuentro Nacional de Mujeres que tuvo lugar en Rosario el a\u00f1o pasado, en el que hubo incidentes en el cierre de las jornadas.<\/p>\n<p>\u00abHay personas que valoran m\u00e1s la pintura de una pared que la vida de una mujer. Ah\u00ed hay que apuntar. Algo est\u00e1 mal y es nuestra cultura, que es patriarcal y machista\u00bb, coment\u00f3 una mujer que llevaba a su beb\u00e9 dormido en el cochecito.<\/p>\n<p>Mujeres y hombres, nenes y nenas. Beb\u00e9s. Abuelas y abuelos. Sentados, parados. Todos juntos en el mismo lugar y por los mismos reclamos. \u00abCada vez se suma m\u00e1s gente. Tenemos que estar todos unidos en esta lucha porque nada se logra ni se conquista sin pelear\u00bb, se\u00f1al\u00f3 un joven mientras largaba por su boca el humo del cigarrillo que sujetaba con su mano izquierda.<br \/>\nChiara P\u00e1ez, la adolescente que fue asesinada a golpes por su novio en Rufino; Paula Perassi, sanlorencina que est\u00e1 desaparecida desde 2011; Higui, la mujer que est\u00e1 detenida por matar a un hombre al defenderse de un grupo de diez sujetos que intentaron violarla; Mar\u00eda de los \u00c1ngeles Par\u00eds, la bibliotecaria que ingres\u00f3 a hacer una denuncia a la comisar\u00eda 10\u00b0 y termin\u00f3 muerta y esposada dentro de la seccional. Mujeres que no est\u00e1n, que fueron asesinadas, que est\u00e1n desaparecidas, estuvieron presentes en banderas y pancartas. Las diez mil personas se movilizaron por las que no est\u00e1n y por todas.<\/p>\n<p>Rosario3.Com<\/p>\n","protected":false},"excerpt":{"rendered":"<p>Unas diez mil personas se movilizaron desde la plaza Montenegro hasta el Parque de Espa\u00f1a, donde se llev\u00f3 a cabo un festival.\u00a0El reclamo se replic\u00f3\u00a0en diferentes localidades de la provincia y del pa\u00eds. Unas diez mil personas marcharon este s\u00e1bado a la tarde desde la plaza Montenegro hasta el Parque de Espa\u00f1a en defensa de <a href=\"https:\/\/armstrongyregion.com.ar\/diario\/masiva-marcha-y-acto-en-rosario-contra-la-violencia-machista\/\" title=\"Read more\" >&#8230;<\/a><\/p>\n","protected":false},"author":1,"featured_media":13209,"comment_status":"open","ping_status":"open","sticky":false,"template":"","format":"standard","meta":{"_jetpack_memberships_contains_paid_content":false,"footnotes":"","jetpack_publicize_message":"","jetpack_publicize_feature_enabled":true,"jetpack_social_post_already_shared":false,"jetpack_social_options":{"image_generator_settings":{"template":"highway","default_image_id":0,"enabled":false},"version":2}},"categories":[1,2,4,3],"tags":[5524],"class_list":["post-13208","post","type-post","status-publish","format-standard","has-post-thumbnail","hentry","category-diario-armstrong","category-locales","category-prevencion-salud","category-region","tag-masiva-marcha-y-acto-en-rosario-contra-la-violencia-machista"],"jetpack_publicize_connections":[],"jetpack_featured_media_url":"https:\/\/armstrongyregion.com.ar\/diario\/wp-content\/uploads\/2017\/06\/niuna010.jpg_1305449671.jpg","jetpack_shortlink":"https:\/\/wp.me\/p62QDO-3r2","jetpack_sharing_enabled":true,"amp_enabled":true,"_links":{"self":[{"href":"https:\/\/armstrongyregion.com.ar\/diario\/wp-json\/wp\/v2\/posts\/13208","targetHints":{"allow":["GET"]}}],"collection":[{"href":"https:\/\/armstrongyregion.com.ar\/diario\/wp-json\/wp\/v2\/posts"}],"about":[{"href":"https:\/\/armstrongyregion.com.ar\/diario\/wp-json\/wp\/v2\/types\/post"}],"author":[{"embeddable":true,"href":"https:\/\/armstrongyregion.com.ar\/diario\/wp-json\/wp\/v2\/users\/1"}],"replies":[{"embeddable":true,"href":"https:\/\/armstrongyregion.com.ar\/diario\/wp-json\/wp\/v2\/comments?post=13208"}],"version-history":[{"count":0,"href":"https:\/\/armstrongyregion.com.ar\/diario\/wp-json\/wp\/v2\/posts\/13208\/revisions"}],"wp:featuredmedia":[{"embeddable":true,"href":"https:\/\/armstrongyregion.com.ar\/diario\/wp-json\/wp\/v2\/media\/13209"}],"wp:attachment":[{"href":"https:\/\/armstrongyregion.com.ar\/diario\/wp-json\/wp\/v2\/media?parent=13208"}],"wp:term":[{"taxonomy":"category","embeddable":true,"href":"https:\/\/armstrongyregion.com.ar\/diario\/wp-json\/wp\/v2\/categories?post=13208"},{"taxonomy":"post_tag","embeddable":true,"href":"https:\/\/armstrongyregion.com.ar\/diario\/wp-json\/wp\/v2\/tags?post=13208"}],"curies":[{"name":"wp","href":"https:\/\/api.w.org\/{rel}","templated":true}]}}