{"id":13202,"date":"2017-06-04T14:49:14","date_gmt":"2017-06-04T14:49:14","guid":{"rendered":"https:\/\/armstrongyregion.com.ar\/diario\/?p=13202"},"modified":"2017-06-04T14:49:14","modified_gmt":"2017-06-04T14:49:14","slug":"agroactiva-se-ve-gigante-desde-arriba","status":"publish","type":"post","link":"https:\/\/armstrongyregion.com.ar\/diario\/agroactiva-se-ve-gigante-desde-arriba\/","title":{"rendered":"AgroActiva se ve gigante desde arriba."},"content":{"rendered":"<p class=\"headline-new\"><a href=\"http:\/\/armstrongyregion.com.ar\/diario\/wp-content\/uploads\/2017\/06\/aero-4.jpg\"><img loading=\"lazy\" decoding=\"async\" class=\"alignnone size-medium wp-image-13203\" src=\"http:\/\/armstrongyregion.com.ar\/diario\/wp-content\/uploads\/2017\/06\/aero-4-300x199.jpg\" alt=\"aero \" width=\"300\" height=\"199\" srcset=\"https:\/\/armstrongyregion.com.ar\/diario\/wp-content\/uploads\/2017\/06\/aero-4-300x199.jpg 300w, https:\/\/armstrongyregion.com.ar\/diario\/wp-content\/uploads\/2017\/06\/aero-4.jpg 768w\" sizes=\"auto, (max-width: 300px) 100vw, 300px\" \/><\/a>Visitamos el espacio Aeroaplica para hablar con algunos de los expositores que son los encargados de trabajar con la parte a\u00e9rea de la producci\u00f3n agr\u00edcola.<\/p>\n<div class=\"entry\">\n<p>En principio dialogamos con Danilo Cravero, que forma parte de la Administraci\u00f3n de FeArCA, quien nos coment\u00f3 que esta es la mayor muestra de la aviaci\u00f3n agr\u00edcola. \u201cAqu\u00ed est\u00e1n todos los referentes de la aviaci\u00f3n agr\u00edcola, tanto aviones como empresas de insumos y servicios, los aviones agr\u00edcolas m\u00e1s modernos del mundo est\u00e1n presentes en esta muestra\u201d, asegur\u00f3, agregando que visitando Aeroaplica el usuario se va a encontrar con la posibilidad de observar la versatilidad de los aviones, la capacidad que tienen y algunas estad\u00edsticas, teniendo en cuenta que la flota con la que cuenta Argentina es la tercera en el mundo,\u00a0 despu\u00e9s de Estados Unidos y Brasil.<\/p>\n<p>Cravero afirm\u00f3 que uno de los mayores atractivos de este espacio es la cantidad de actividades que cualquier visitante de la muestra puede realizar en el lugar, como lo son los vuelos de bautismo en aviones y en helic\u00f3pteros, los saltos en paraca\u00eddas con profesionales muy calificados a cargo y, para quienes se animen a m\u00e1s, tambi\u00e9n est\u00e1 abierta la posibilidad de participar en vuelos de bautismo en aviones de acrobacias.<\/p>\n<p>Dentro del mismo espacio, uno de las empresas expositoras es Aerotec, la cual proviene de Mendoza pero trabaja en todo el pa\u00eds y en pa\u00edses lim\u00edtrofes. Jos\u00e9 Cardama, Director de dicha empresa, coment\u00f3 que hace m\u00e1s de cinco a\u00f1os que son representantes oficiales de la marca de aviones Thrush Aircraft, y que adem\u00e1s tambi\u00e9n traen al pa\u00eds una marca de aviones italiana llamada Tecnam que, aunque no est\u00e9 directamente relacionada al agro, entienden que sirve como como un servicio de movilidad y soporte para los productores. En esta oportunidad est\u00e1n presentando Asistencia 365, un sistema y plan de soporte destinado al mantenimiento de las aeronaves de los clientes. Como servicio pos venta, este sistema busca que los aviones no vayan al taller, sino que el taller vaya a los aviones, para as\u00ed tener una atenci\u00f3n extra con los clientes los 365 d\u00edas del a\u00f1o. Cardama asegur\u00f3 que ya han cerrado algunas ventas en el stand, por lo que les est\u00e1 yendo muy bien y que \u201cAgroActiva se ve gigante desde arriba, las marcas n\u00famero 1 de todos los rubros est\u00e1n ac\u00e1\u201d.<\/p>\n<p>Agsur Aviones tambi\u00e9n est\u00e1 presente en AgroActiva 2017, y ellos son representante de Air Tractor hace m\u00e1s de diez a\u00f1os. En la muestra de este a\u00f1o est\u00e1n exponiendo el AT-502b, consider\u00e1ndolo ideal para el campo, porque es propicio para hacer aplicaciones a\u00e9reas, siembra y para combatir incendios. Al momento de la nota estaban aguardando por la llegada del AT-802, un avi\u00f3n que tiene flotadores a los lados para aterrizar en el agua, lo cual resulta muy llamativo para la gente y adem\u00e1s sirve para controlar incendios en lugares donde no se puede llegar de manera terrestre. Desde el stand agregan que su objetivo principal en esta exposici\u00f3n es atender a sus clientes de siempre como as\u00ed tambi\u00e9n concretar nuevas ventas aprovechando la cantidad de gente que pasa por all\u00ed.<\/p>\n<p>Minutos despu\u00e9s fue el turno de hablar de la gente de YPF Aerocombustibles, quienes nos contaron que est\u00e1n mostrando el servicio de distribuci\u00f3n de aerocombustibles y la red de aeroplantas para la aviaci\u00f3n comercial. Desde la empresa nos aseguraron que creen que a AgroActiva le est\u00e1 yendo muy bien, aprovechando las condiciones clim\u00e1ticas \u00f3ptimas que tuvieron lugar estos primeros d\u00edas, agregando que este a\u00f1o hay mayor organizaci\u00f3n en los ingresos y en la seguridad del evento. Adem\u00e1s aseguran que mucha gente se interes\u00f3 por el espacio Aeroaplica al ver constantemente el movimiento de aviones y helic\u00f3pteros alrededor de la exposici\u00f3n.<\/p>\n<p>Finalmente en di\u00e1logo con la empresa proveedora de la log\u00edstica para el combustible de aeronaves, ubicada en la localidad de El Tr\u00e9bol, nos contaron que hace m\u00e1s de 30 a\u00f1os que est\u00e1n al lado de los aviones, y que no pod\u00edan faltar en esta oportunidad para apoyar a Aeroaplica. Desde este espacio declaran estar muy conformes con la organizaci\u00f3n del evento, ya que de eso depende la buena predisposici\u00f3n de los expositores, agregando que se vio en estos d\u00edas mucha gente interesada en el sector de la aviaci\u00f3n, con \u00e1nimo de compra y con ganas de invertir.<\/p>\n<p>&nbsp;<\/p>\n<\/div>\n","protected":false},"excerpt":{"rendered":"<p>Visitamos el espacio Aeroaplica para hablar con algunos de los expositores que son los encargados de trabajar con la parte a\u00e9rea de la producci\u00f3n agr\u00edcola. En principio dialogamos con Danilo Cravero, que forma parte de la Administraci\u00f3n de FeArCA, quien nos coment\u00f3 que esta es la mayor muestra de la aviaci\u00f3n agr\u00edcola. \u201cAqu\u00ed est\u00e1n todos <a href=\"https:\/\/armstrongyregion.com.ar\/diario\/agroactiva-se-ve-gigante-desde-arriba\/\" title=\"Read more\" >&#8230;<\/a><\/p>\n","protected":false},"author":1,"featured_media":13203,"comment_status":"open","ping_status":"open","sticky":false,"template":"","format":"standard","meta":{"_jetpack_memberships_contains_paid_content":false,"footnotes":"","jetpack_publicize_message":"","jetpack_publicize_feature_enabled":true,"jetpack_social_post_already_shared":false,"jetpack_social_options":{"image_generator_settings":{"template":"highway","default_image_id":0,"enabled":false},"version":2}},"categories":[1,2,3],"tags":[5522,20,388,13],"class_list":["post-13202","post","type-post","status-publish","format-standard","has-post-thumbnail","hentry","category-diario-armstrong","category-locales","category-region","tag-agroactiva-se-ve-gigante-desde-arriba","tag-armstrong","tag-region-2","tag-y"],"jetpack_publicize_connections":[],"jetpack_featured_media_url":"https:\/\/armstrongyregion.com.ar\/diario\/wp-content\/uploads\/2017\/06\/aero-4.jpg","jetpack_shortlink":"https:\/\/wp.me\/p62QDO-3qW","jetpack_sharing_enabled":true,"amp_enabled":true,"_links":{"self":[{"href":"https:\/\/armstrongyregion.com.ar\/diario\/wp-json\/wp\/v2\/posts\/13202","targetHints":{"allow":["GET"]}}],"collection":[{"href":"https:\/\/armstrongyregion.com.ar\/diario\/wp-json\/wp\/v2\/posts"}],"about":[{"href":"https:\/\/armstrongyregion.com.ar\/diario\/wp-json\/wp\/v2\/types\/post"}],"author":[{"embeddable":true,"href":"https:\/\/armstrongyregion.com.ar\/diario\/wp-json\/wp\/v2\/users\/1"}],"replies":[{"embeddable":true,"href":"https:\/\/armstrongyregion.com.ar\/diario\/wp-json\/wp\/v2\/comments?post=13202"}],"version-history":[{"count":0,"href":"https:\/\/armstrongyregion.com.ar\/diario\/wp-json\/wp\/v2\/posts\/13202\/revisions"}],"wp:featuredmedia":[{"embeddable":true,"href":"https:\/\/armstrongyregion.com.ar\/diario\/wp-json\/wp\/v2\/media\/13203"}],"wp:attachment":[{"href":"https:\/\/armstrongyregion.com.ar\/diario\/wp-json\/wp\/v2\/media?parent=13202"}],"wp:term":[{"taxonomy":"category","embeddable":true,"href":"https:\/\/armstrongyregion.com.ar\/diario\/wp-json\/wp\/v2\/categories?post=13202"},{"taxonomy":"post_tag","embeddable":true,"href":"https:\/\/armstrongyregion.com.ar\/diario\/wp-json\/wp\/v2\/tags?post=13202"}],"curies":[{"name":"wp","href":"https:\/\/api.w.org\/{rel}","templated":true}]}}