{"id":1320,"date":"2015-03-15T03:29:05","date_gmt":"2015-03-15T03:29:05","guid":{"rendered":"https:\/\/armstrongyregion.com.ar\/diario\/?p=1320"},"modified":"2015-03-15T03:29:05","modified_gmt":"2015-03-15T03:29:05","slug":"descendientes-de-la-familia-berthillod-visitaron-nuestra-ciudad","status":"publish","type":"post","link":"https:\/\/armstrongyregion.com.ar\/diario\/descendientes-de-la-familia-berthillod-visitaron-nuestra-ciudad\/","title":{"rendered":"Descendientes de la familia Berthillod visitaron nuestra ciudad."},"content":{"rendered":"<p><a href=\"http:\/\/armstrongyregion.com.ar\/diario\/wp-content\/uploads\/2015\/03\/IMG-20150314-WA0010.jpg\"><img loading=\"lazy\" decoding=\"async\" class=\"alignnone size-medium wp-image-1321\" src=\"http:\/\/armstrongyregion.com.ar\/diario\/wp-content\/uploads\/2015\/03\/IMG-20150314-WA0010-300x224.jpg\" alt=\"IMG-20150314-WA0010\" width=\"300\" height=\"224\" srcset=\"https:\/\/armstrongyregion.com.ar\/diario\/wp-content\/uploads\/2015\/03\/IMG-20150314-WA0010-300x224.jpg 300w, https:\/\/armstrongyregion.com.ar\/diario\/wp-content\/uploads\/2015\/03\/IMG-20150314-WA0010.jpg 667w\" sizes=\"auto, (max-width: 300px) 100vw, 300px\" \/><\/a>En la lluviosa ma\u00f1ana del d\u00eda s\u00e1bado, a las 10 hs, descendientes de la familia Berthillod se dieron cita en Plaza Flotron, ante las inclemencias del tiempo, el Intendente Pablo Verdecchia les brind\u00f3 el Sal\u00f3n Delmo Dar\u00f3 para reunirse y darles la bienvenida.<br \/>\nFamiliares de Victor Berthillod, uno de los dos hermanos inmigrantes que llegaron a la Argentina e hicieron ra\u00edces en nuestra ciudad, y hoy una de nuestras calles lleva su nombre, llegaron a Armstrong de distintos puntos del pa\u00eds y del exterior.<br \/>\nUn encuentro lleno de emociones, lagrimas, recuerdos y nostalgias invadieron el Sal\u00f3n Delmo Daro. Los visitantes fueron recibidos por el Intendente Pablo Verdecchia, por la Concejal Daniela P\u00e9rez y la Secretaria de Coordinaci\u00f3n, quienes les entregaron presentes en nombre de nuestra comunidad.<\/p>\n","protected":false},"excerpt":{"rendered":"<p>En la lluviosa ma\u00f1ana del d\u00eda s\u00e1bado, a las 10 hs, descendientes de la familia Berthillod se dieron cita en Plaza Flotron, ante las inclemencias del tiempo, el Intendente Pablo Verdecchia les brind\u00f3 el Sal\u00f3n Delmo Dar\u00f3 para reunirse y darles la bienvenida. Familiares de Victor Berthillod, uno de los dos hermanos inmigrantes que llegaron <a href=\"https:\/\/armstrongyregion.com.ar\/diario\/descendientes-de-la-familia-berthillod-visitaron-nuestra-ciudad\/\" title=\"Read more\" >&#8230;<\/a><\/p>\n","protected":false},"author":2,"featured_media":1321,"comment_status":"open","ping_status":"open","sticky":false,"template":"","format":"standard","meta":{"_jetpack_memberships_contains_paid_content":false,"footnotes":"","jetpack_publicize_message":"","jetpack_publicize_feature_enabled":true,"jetpack_social_post_already_shared":false,"jetpack_social_options":{"image_generator_settings":{"template":"highway","default_image_id":0,"enabled":false},"version":2}},"categories":[1,2],"tags":[1164,390,19,1162,1163,31,91,1165],"class_list":["post-1320","post","type-post","status-publish","format-standard","has-post-thumbnail","hentry","category-diario-armstrong","category-locales","tag-berthillod","tag-ciudad","tag-de","tag-descendientes","tag-familia","tag-la","tag-nuestra","tag-visitaron"],"jetpack_publicize_connections":[],"jetpack_featured_media_url":"https:\/\/armstrongyregion.com.ar\/diario\/wp-content\/uploads\/2015\/03\/IMG-20150314-WA0010.jpg","jetpack_shortlink":"https:\/\/wp.me\/p62QDO-li","jetpack_sharing_enabled":true,"amp_enabled":true,"_links":{"self":[{"href":"https:\/\/armstrongyregion.com.ar\/diario\/wp-json\/wp\/v2\/posts\/1320","targetHints":{"allow":["GET"]}}],"collection":[{"href":"https:\/\/armstrongyregion.com.ar\/diario\/wp-json\/wp\/v2\/posts"}],"about":[{"href":"https:\/\/armstrongyregion.com.ar\/diario\/wp-json\/wp\/v2\/types\/post"}],"author":[{"embeddable":true,"href":"https:\/\/armstrongyregion.com.ar\/diario\/wp-json\/wp\/v2\/users\/2"}],"replies":[{"embeddable":true,"href":"https:\/\/armstrongyregion.com.ar\/diario\/wp-json\/wp\/v2\/comments?post=1320"}],"version-history":[{"count":0,"href":"https:\/\/armstrongyregion.com.ar\/diario\/wp-json\/wp\/v2\/posts\/1320\/revisions"}],"wp:featuredmedia":[{"embeddable":true,"href":"https:\/\/armstrongyregion.com.ar\/diario\/wp-json\/wp\/v2\/media\/1321"}],"wp:attachment":[{"href":"https:\/\/armstrongyregion.com.ar\/diario\/wp-json\/wp\/v2\/media?parent=1320"}],"wp:term":[{"taxonomy":"category","embeddable":true,"href":"https:\/\/armstrongyregion.com.ar\/diario\/wp-json\/wp\/v2\/categories?post=1320"},{"taxonomy":"post_tag","embeddable":true,"href":"https:\/\/armstrongyregion.com.ar\/diario\/wp-json\/wp\/v2\/tags?post=1320"}],"curies":[{"name":"wp","href":"https:\/\/api.w.org\/{rel}","templated":true}]}}