{"id":13193,"date":"2017-06-03T13:47:00","date_gmt":"2017-06-03T13:47:00","guid":{"rendered":"https:\/\/armstrongyregion.com.ar\/diario\/?p=13193"},"modified":"2017-06-03T13:47:00","modified_gmt":"2017-06-03T13:47:00","slug":"el-premio-a-la-familia-rural-del-ano-fue-para-los-girotti-de-maria-susana","status":"publish","type":"post","link":"https:\/\/armstrongyregion.com.ar\/diario\/el-premio-a-la-familia-rural-del-ano-fue-para-los-girotti-de-maria-susana\/","title":{"rendered":"El premio a la Familia Rural del A\u00f1o fue para los Girotti de Mar\u00eda Susana."},"content":{"rendered":"<p class=\"headline-new\"><a href=\"http:\/\/armstrongyregion.com.ar\/diario\/wp-content\/uploads\/2017\/06\/flia-rural.jpg\"><img loading=\"lazy\" decoding=\"async\" class=\"alignnone size-medium wp-image-13194\" src=\"http:\/\/armstrongyregion.com.ar\/diario\/wp-content\/uploads\/2017\/06\/flia-rural-300x204.jpg\" alt=\"flia rural\" width=\"300\" height=\"204\" srcset=\"https:\/\/armstrongyregion.com.ar\/diario\/wp-content\/uploads\/2017\/06\/flia-rural-300x204.jpg 300w, https:\/\/armstrongyregion.com.ar\/diario\/wp-content\/uploads\/2017\/06\/flia-rural.jpg 768w\" sizes=\"auto, (max-width: 300px) 100vw, 300px\" \/><\/a>Oriunda de Mar\u00eda Susana, llevan una vida entera dedicada a las labores en el campo. Realizan cr\u00eda y engorde de ganado bovino; y trabajos de agricultura propios y para terceros. En ellos, est\u00e1n representadas todas las familias del pa\u00eds.<\/p>\n<div class=\"entry\">\n<p>Desde 2002, a\u00f1o en el que se implement\u00f3 el premio a la Familia Rural del A\u00f1o en el marco de AgroActiva, sin lugar a dudas es uno de los momentos m\u00e1s emotivos dentro de los cuatro d\u00edas que dura la exposici\u00f3n m\u00e1s grande de Am\u00e9rica.<\/p>\n<p>Esta familia se inicia cuando se unieron en matrimonio Sergio Girotti y Silvina Pesce. Sergio vivi\u00f3 en el campo en la zona rural de Bouquet hasta los 14 a\u00f1os con sus padres y luego se mudaron al pueblo, pero siempre su trabajo sigui\u00f3 ligado al campo, y regres\u00f3 a vivir en el campo al casarse. Por su parte, Silvina vivi\u00f3 toda su vida en el campo, primero trabajando con su familia en el tambo y dem\u00e1s tareas agr\u00edcolas en la zona rural de Piamonte, y hasta el d\u00eda de hoy vive con Sergio y su familia.<\/p>\n<p>Juntos emprendieron el proyecto de crear una familia, la cual est\u00e1 compuesta por sus cuatro hijos. Evelina, la mayor, quien ya no vive m\u00e1s con ellos, se ha casado y formado su familia, otorg\u00e1ndole el t\u00edtulo de abuelos a Sergio y Silvina con su hijo de casi 2 a\u00f1os, es Ingeniera agr\u00f3noma y desarrolla esa actividad con su propio laboratorio de semillas y asistiendo los campos de la familia. Luego lleg\u00f3 Joana, quien es Licenciada en gesti\u00f3n de negocios agroalimentarios, y es quien empez\u00f3 a realizar la labor administrativa de la familia. Macarena, la tercera hija, es dise\u00f1adora paisajista, realiza este trabajo desde su casa, y adem\u00e1s es quien se encarga del jard\u00edn, la huerta y gallinas, que cr\u00edan pollos de campo, ponedoras, y pollos ecol\u00f3gicos para consumo propio. Y despu\u00e9s de 20 a\u00f1os lleg\u00f3 el m\u00e1s peque\u00f1o de la familia Santino, cuya obligaci\u00f3n es ir al jard\u00edn de 5, y en su casa, adem\u00e1s de jugar, le gusta ayudar a su padre en los trabajos del galp\u00f3n. \u00c9l es quien ensilla su petisa a la hora de trabajar con el ganado. Silvina es ama de casa y se encarga de mantener el orden y llevar adelante los quehaceres del hogar. Y por \u00faltimo Sergio, marido y padre, quien se dedica a la ganader\u00eda, con recr\u00eda de invernada, llev\u00e1ndolo a gordo o como vaquillonas para cr\u00eda, tambi\u00e9n realiza las actividades de agricultura, siembra y cosecha, tanto lo propio como prestando servicio a terceros, por lo que tambi\u00e9n es contratista rural.<\/p>\n<p>Silvina, la madre de familia fue la encargada de dirigirse al p\u00fablico presente ya que Sergio se encontraba muy emocionado. \u201cLa verdad que estamos muy emocionados y les agradecemos enormemente a AgroActiva por este premio\u201d, dijo y asegur\u00f3 que \u201ces perseverancia y un poco de terquedad seguir viviendo en el campo con tanto sacrificio. Pero lo hacemos con mucho orgullo y pensando siempre en la familia y las tradiciones\u201d.<\/p>\n<p>Cuando decidieron ir a vivir al campo fue para formar una familia all\u00ed. \u201cSo\u00f1\u00e9 toda mi vida con eso y lo logr\u00e9. Todos est\u00e1n abocados al campo y con mucho amor porque desde que tengo uso de raz\u00f3n eso fue lo que le inculcamos\u201d, coment\u00f3.<\/p>\n<p>Por \u00faltimo, Silvina envi\u00f3 un mensaje muy sentido. \u201cCreo que los valores que se est\u00e1n perdiendo hoy en d\u00eda en la sociedad es por dividir las familias y creo que nosotros por ser una familia unido le hemos hecho saber a nuestros hijos que ese es el camino que hay que seguir\u201d, finaliz\u00f3.<\/p>\n<\/div>\n","protected":false},"excerpt":{"rendered":"<p>Oriunda de Mar\u00eda Susana, llevan una vida entera dedicada a las labores en el campo. Realizan cr\u00eda y engorde de ganado bovino; y trabajos de agricultura propios y para terceros. En ellos, est\u00e1n representadas todas las familias del pa\u00eds. Desde 2002, a\u00f1o en el que se implement\u00f3 el premio a la Familia Rural del A\u00f1o <a href=\"https:\/\/armstrongyregion.com.ar\/diario\/el-premio-a-la-familia-rural-del-ano-fue-para-los-girotti-de-maria-susana\/\" title=\"Read more\" >&#8230;<\/a><\/p>\n","protected":false},"author":1,"featured_media":13194,"comment_status":"open","ping_status":"open","sticky":false,"template":"","format":"standard","meta":{"_jetpack_memberships_contains_paid_content":false,"footnotes":"","jetpack_publicize_message":"","jetpack_publicize_feature_enabled":true,"jetpack_social_post_already_shared":false,"jetpack_social_options":{"image_generator_settings":{"template":"highway","default_image_id":0,"enabled":false},"version":2}},"categories":[1,2,3],"tags":[20,5519,388,13],"class_list":["post-13193","post","type-post","status-publish","format-standard","has-post-thumbnail","hentry","category-diario-armstrong","category-locales","category-region","tag-armstrong","tag-el-premio-a-la-familia-rural-del-ano-fue-para-los-girotti-de-maria-susana","tag-region-2","tag-y"],"jetpack_publicize_connections":[],"jetpack_featured_media_url":"https:\/\/armstrongyregion.com.ar\/diario\/wp-content\/uploads\/2017\/06\/flia-rural.jpg","jetpack_shortlink":"https:\/\/wp.me\/p62QDO-3qN","jetpack_sharing_enabled":true,"amp_enabled":true,"_links":{"self":[{"href":"https:\/\/armstrongyregion.com.ar\/diario\/wp-json\/wp\/v2\/posts\/13193","targetHints":{"allow":["GET"]}}],"collection":[{"href":"https:\/\/armstrongyregion.com.ar\/diario\/wp-json\/wp\/v2\/posts"}],"about":[{"href":"https:\/\/armstrongyregion.com.ar\/diario\/wp-json\/wp\/v2\/types\/post"}],"author":[{"embeddable":true,"href":"https:\/\/armstrongyregion.com.ar\/diario\/wp-json\/wp\/v2\/users\/1"}],"replies":[{"embeddable":true,"href":"https:\/\/armstrongyregion.com.ar\/diario\/wp-json\/wp\/v2\/comments?post=13193"}],"version-history":[{"count":0,"href":"https:\/\/armstrongyregion.com.ar\/diario\/wp-json\/wp\/v2\/posts\/13193\/revisions"}],"wp:featuredmedia":[{"embeddable":true,"href":"https:\/\/armstrongyregion.com.ar\/diario\/wp-json\/wp\/v2\/media\/13194"}],"wp:attachment":[{"href":"https:\/\/armstrongyregion.com.ar\/diario\/wp-json\/wp\/v2\/media?parent=13193"}],"wp:term":[{"taxonomy":"category","embeddable":true,"href":"https:\/\/armstrongyregion.com.ar\/diario\/wp-json\/wp\/v2\/categories?post=13193"},{"taxonomy":"post_tag","embeddable":true,"href":"https:\/\/armstrongyregion.com.ar\/diario\/wp-json\/wp\/v2\/tags?post=13193"}],"curies":[{"name":"wp","href":"https:\/\/api.w.org\/{rel}","templated":true}]}}