{"id":13169,"date":"2017-06-01T11:21:07","date_gmt":"2017-06-01T11:21:07","guid":{"rendered":"https:\/\/armstrongyregion.com.ar\/diario\/?p=13169"},"modified":"2017-06-01T11:21:07","modified_gmt":"2017-06-01T11:21:07","slug":"quedo-inaugurada-agroactiva-la-muestra-mas-grande-america","status":"publish","type":"post","link":"https:\/\/armstrongyregion.com.ar\/diario\/quedo-inaugurada-agroactiva-la-muestra-mas-grande-america\/","title":{"rendered":"Qued\u00f3 inaugurada AgroActiva, la muestra m\u00e1s grande Am\u00e9rica."},"content":{"rendered":"<p class=\"headline-new\"><a href=\"http:\/\/armstrongyregion.com.ar\/diario\/wp-content\/uploads\/2017\/06\/18881871_1951977481688959_8175549501014840209_n.jpg\"><img loading=\"lazy\" decoding=\"async\" class=\"alignnone size-medium wp-image-13170\" src=\"http:\/\/armstrongyregion.com.ar\/diario\/wp-content\/uploads\/2017\/06\/18881871_1951977481688959_8175549501014840209_n-300x242.jpg\" alt=\"18881871_1951977481688959_8175549501014840209_n\" width=\"300\" height=\"242\" srcset=\"https:\/\/armstrongyregion.com.ar\/diario\/wp-content\/uploads\/2017\/06\/18881871_1951977481688959_8175549501014840209_n-300x242.jpg 300w, https:\/\/armstrongyregion.com.ar\/diario\/wp-content\/uploads\/2017\/06\/18881871_1951977481688959_8175549501014840209_n.jpg 960w\" sizes=\"auto, (max-width: 300px) 100vw, 300px\" \/><\/a>La mega muestra del campo argentino abri\u00f3 sus puertas esta ma\u00f1ana. Funcionarios nacionales, provinciales y de la regi\u00f3n participaron del acto de apertura. Hasta el s\u00e1bado 3 de junio la mayor oferta de implementos vinculados al agro estar\u00e1 en Armstrong.<\/p>\n<div class=\"entry\">\n<p>Una nueva edici\u00f3n de AgroActiva qued\u00f3 en marcha esta ma\u00f1ana luego de realizarse a pasadas las 10:30 el acto inaugural. Bajo un sol radiante, cientos de personas comenzaron a recorrer el predio ubicado en la localidad de Armstrong donde, hasta el pr\u00f3ximo s\u00e1bado 3 de junio ser\u00e1 el lugar de encuentro y el mayor generador de negocios del agro en Argentina.<\/p>\n<p>Para esta edici\u00f3n, la n\u00famero 23, la mega muestra volvi\u00f3 a la ciudad que la vio nacer cuando s\u00f3lo un pu\u00f1ado de \u201ccorajudos\u201d decidi\u00f3 comenzar con un sue\u00f1o que se termin\u00f3 convirtiendo el la mayor feria a campo abierto de Am\u00e9rica<\/p>\n<p>Pablo Verdecchias, intendente de la localidad Armstrong fue el primer orador del acto. \u201cEl d\u00eda lleg\u00f3 y AgroActiva volvi\u00f3 \u00a0a casa. Para todos los armstronenses volver a recibir a esta muestra que naci\u00f3 peque\u00f1ita ya hace varios a\u00f1os y que hoy vuelve tan grande y majestuosa es un orgullo\u201d, dijo.<\/p>\n<p>El trabajo de todo el equipo de AgroActiva fue fundamental para convertirla en la m\u00e1s grande Am\u00e9rica. \u201cPara nosotros que estamos en el coraz\u00f3n del polo metalmec\u00e1nico del pa\u00eds poder tener la muestra es una doble alegr\u00eda\u201d, asegur\u00f3.<\/p>\n<p><strong>N\u00e9stor Roulet<\/strong><\/p>\n<p>A su turno, N\u00e9stor Roulet, secretario de valor Agregado del Ministerio de Agroindustria de la Naci\u00f3n, felicit\u00f3 a los organizadores del evento \u201cpor esta gran muestra que han montado\u201d.<\/p>\n<p>Adem\u00e1s, brind\u00f3 un saludo especial a \u00a0Luis Nardi que \u201ces el coraz\u00f3n de esto y que ha forjado esta gran muestra a lo largo de 23 a\u00f1os. Fui testigo de todo el esfuerzo a lo largo de todos estos a\u00f1os y hay que felicitarlos porque esta es una muestra del interior productivo\u201d, indic\u00f3.<\/p>\n<p>Destac\u00f3 que las personas del interior quieren exposiciones como AgroActiva \u201cporque es como cuando alguien invita a alguien a su casa; pone lo mejor. Aqu\u00ed, la gente del campo podemos mostrar lo que mejor tenemos es la gran cantidad de innovaci\u00f3n que tiene el productor agropecuario y el argentino en general\u201d.<\/p>\n<p>Como complemento a participaci\u00f3n del Banco de la Naci\u00f3n Argentina, el funcionario anunci\u00f3 que en la mega muestra la entidad financiera lanzar\u00e1 \u00a0un cr\u00e9dito un cr\u00e9dito al 12,5% subsidiado<\/p>\n<p>El funcionario \u00a0nacional inst\u00f3 a los productores agropecuarios a que acompa\u00f1en la iniciativa gubernamental. \u201cA la Argentina no la va a sacar adelante un iluminado; sino que la sacamos entre todos. Cada uno de ustedes (dijo en referencia a los visitantes dedicados a las producciones agr\u00edcolas y pecuarias) son los protagonistas de este cambio. Por eso: fuerza; no aflojemos y que esta Argentina cambie\u201d, concluy\u00f3 el funcionario.<\/p>\n<p><strong>Luis Contigiani<\/strong><\/p>\n<p>El ministro de producci\u00f3n de la provincia de Santa Fe fue uno de los oradores del acto inaugural de la 23 edici\u00f3n de AgroActiva.<\/p>\n<p>El titular de la cartera productiva elogi\u00f3 a los organizadores de la muestra, Luis y Rosana Nardi y se refiri\u00f3 al sector agropecuario en la provincia donde se viene realizando la muestra. \u201cEstamos en una tierra de Pymes. Santa Fe es una provincia de pymes industriales y de emprendedores y empresarios que han hecho historia y siguen haciendo historia.<\/p>\n<p>Desde el gobierno de Santa Fe hemos puesto lo m\u00e1ximo en la participaci\u00f3n de AgroActiva. Estamos participando de la muestra con un stand de 12 metros cuadrados; que a lo largo de cinco lotes convergen 120 empresas santafesinas exponen en nuestro espacio y hay 150 firmas que por su cuenta participan en la exposici\u00f3n.<\/p>\n<p>El ministro Contigiani ha destacado lo que significa la muestra que se desarrolla hasta el s\u00e1bado 3 de junio en Armstrong. \u201cAgroActiva es la muestra m\u00e1s importante del pa\u00eds y del interior y tiene una impronta que la distingue. Aqu\u00ed confluyen empresarios y empresas l\u00edderes del complejo agroindustrial; pero tambi\u00e9n pueden ver las Pymes industriales que est\u00e1n creciendo, que se est\u00e1n consolidando. Pueden ver adem\u00e1s a los emprendedores y peque\u00f1os empresarios que se quieren hacer conocer con sus innovaciones. AgroActiva es la muestra que m\u00e1s se adapta a la realidad de este pa\u00eds. Es un reflejo del trabajo, como la provincia de Santa Fe. Finalmente quiero transmitirles el deseo que Argentina avance al desarrollo industrial permanente y estable para que recupere su liderazgo\u201d, concluy\u00f3 el funcionario santafesino.<\/p>\n<p><strong>Rosana Nardi<\/strong><\/p>\n<p>La presidente de la mega muestra brind\u00f3 un discurso muy c\u00e1lido y sentido que lleg\u00f3 al coraz\u00f3n de todos los presentes. Detall\u00f3 el esfuerzo de todos los eslabones que lograron llevar a la exposici\u00f3n al pedestal en el que hoy se encuentra.<\/p>\n<p>Agradeci\u00f3 la presencia de los trabajadores de prensa que cubrieron la apertura de la edici\u00f3n 23 de AgroActiva, a las autoridades y especialmente al gobierno de la provincia de Santa Fe y aprovech\u00f3 el momento inicial de su discurso para hacer llegar su salutaci\u00f3n al gobernador Miguel Lifschitz.<\/p>\n<p>\u201cEsta muestra naci\u00f3n aqu\u00ed, en el campo, con la simpleza\u00a0 y los c\u00f3digos que se manejan en el campo\u201d, dijo y agreg\u00f3 que \u201cpasaron los a\u00f1os y un d\u00eda nos encontramos con algo grande y trascendente cuta onda expansiva se hab\u00eda hecho tan importante que gente de todo el mundo recorr\u00eda nuestras calles. Logramos cumplir con el sue\u00f1o de mostrarle al\u00a0 mundo que desde el interior\u00a0 se pueden hacer grandes cosas\u201d.<\/p>\n<p>AgroActiva es una ciudad hecha a medida del hombre de campo. \u201cLa exposici\u00f3n a campo abierto m\u00e1s grande y m\u00e1s importante de Am\u00e9rica\u201d, asegur\u00f3.<\/p>\n<p>Es la consecuencia de muchos actores que fueron encontrando su lugar en este espacio; los expositores, las instituciones, la prensa, el p\u00fablico y un sinf\u00edn de eslabones. \u201cEs un lugar de encuentro y el mayor generador de negocios del agro en Argentina porque adem\u00e1s de ser donde se concentra la mayor oferta agropecuaria del pa\u00eds es el lugar que todos los que tienen que ver con el campo sienten como propio\u201d, indic\u00f3.<\/p>\n<p><strong>Carlos Fascendini<\/strong><\/p>\n<p>El encargado de dar por finalizado el acto y dejar formalmente inaugurada la exposici\u00f3n fue el vice gobernador de Santa Fe, Carlos Fascendini, en reemplazo del gobernador, Miguel Lifschitz, quien por problemas de salud por pudo asistir al evento.<\/p>\n<p>\u201cPara mi AgroActiva ya es un cl\u00e1sico porque en mis cuatro a\u00f1os como ministro de la Producci\u00f3n me toc\u00f3 vivir muy de cerca todo lo que se refiere a esta muestra\u201d, dijo y recalc\u00f3 que por todo eso \u201cpara nosotros es un orgullo que est\u00e9 en la provincia de Santa Fe\u201d.<\/p>\n<p>Por \u00faltimo, indic\u00f3 que desde la provincia han apostado a AgroActiva \u201cen los sucesivos gobiernos que hemos vendo transitando desde el Frente Progresista y estamos seguros que es el camino por el cual vamos a encontrar la posibilidad de la inclusi\u00f3n y fomentar el trabajo genuino\u201d.<\/p>\n<div id=\"mep_0\" class=\"mejs-container svg wp-audio-shortcode mejs-audio\" tabindex=\"0\"><\/div>\n<\/div>\n","protected":false},"excerpt":{"rendered":"<p>La mega muestra del campo argentino abri\u00f3 sus puertas esta ma\u00f1ana. Funcionarios nacionales, provinciales y de la regi\u00f3n participaron del acto de apertura. Hasta el s\u00e1bado 3 de junio la mayor oferta de implementos vinculados al agro estar\u00e1 en Armstrong. Una nueva edici\u00f3n de AgroActiva qued\u00f3 en marcha esta ma\u00f1ana luego de realizarse a pasadas <a href=\"https:\/\/armstrongyregion.com.ar\/diario\/quedo-inaugurada-agroactiva-la-muestra-mas-grande-america\/\" title=\"Read more\" >&#8230;<\/a><\/p>\n","protected":false},"author":1,"featured_media":13170,"comment_status":"open","ping_status":"open","sticky":false,"template":"","format":"standard","meta":{"_jetpack_memberships_contains_paid_content":false,"footnotes":"","jetpack_publicize_message":"","jetpack_publicize_feature_enabled":true,"jetpack_social_post_already_shared":false,"jetpack_social_options":{"image_generator_settings":{"template":"highway","default_image_id":0,"enabled":false},"version":2}},"categories":[1,2,3],"tags":[5509,5508],"class_list":["post-13169","post","type-post","status-publish","format-standard","has-post-thumbnail","hentry","category-diario-armstrong","category-locales","category-region","tag-la-muestra-mas-grande-america","tag-quedo-inaugurada-agroactiva"],"jetpack_publicize_connections":[],"jetpack_featured_media_url":"https:\/\/armstrongyregion.com.ar\/diario\/wp-content\/uploads\/2017\/06\/18881871_1951977481688959_8175549501014840209_n.jpg","jetpack_shortlink":"https:\/\/wp.me\/p62QDO-3qp","jetpack_sharing_enabled":true,"amp_enabled":true,"_links":{"self":[{"href":"https:\/\/armstrongyregion.com.ar\/diario\/wp-json\/wp\/v2\/posts\/13169","targetHints":{"allow":["GET"]}}],"collection":[{"href":"https:\/\/armstrongyregion.com.ar\/diario\/wp-json\/wp\/v2\/posts"}],"about":[{"href":"https:\/\/armstrongyregion.com.ar\/diario\/wp-json\/wp\/v2\/types\/post"}],"author":[{"embeddable":true,"href":"https:\/\/armstrongyregion.com.ar\/diario\/wp-json\/wp\/v2\/users\/1"}],"replies":[{"embeddable":true,"href":"https:\/\/armstrongyregion.com.ar\/diario\/wp-json\/wp\/v2\/comments?post=13169"}],"version-history":[{"count":0,"href":"https:\/\/armstrongyregion.com.ar\/diario\/wp-json\/wp\/v2\/posts\/13169\/revisions"}],"wp:featuredmedia":[{"embeddable":true,"href":"https:\/\/armstrongyregion.com.ar\/diario\/wp-json\/wp\/v2\/media\/13170"}],"wp:attachment":[{"href":"https:\/\/armstrongyregion.com.ar\/diario\/wp-json\/wp\/v2\/media?parent=13169"}],"wp:term":[{"taxonomy":"category","embeddable":true,"href":"https:\/\/armstrongyregion.com.ar\/diario\/wp-json\/wp\/v2\/categories?post=13169"},{"taxonomy":"post_tag","embeddable":true,"href":"https:\/\/armstrongyregion.com.ar\/diario\/wp-json\/wp\/v2\/tags?post=13169"}],"curies":[{"name":"wp","href":"https:\/\/api.w.org\/{rel}","templated":true}]}}