{"id":13155,"date":"2017-05-31T23:40:35","date_gmt":"2017-05-31T23:40:35","guid":{"rendered":"https:\/\/armstrongyregion.com.ar\/diario\/?p=13155"},"modified":"2017-05-31T23:40:35","modified_gmt":"2017-05-31T23:40:35","slug":"rasetto-los-tribunales-de-canada-estan-cada-vez-mas-cerca","status":"publish","type":"post","link":"https:\/\/armstrongyregion.com.ar\/diario\/rasetto-los-tribunales-de-canada-estan-cada-vez-mas-cerca\/","title":{"rendered":"Rasetto: \u00ablos tribunales de Ca\u00f1ada est\u00e1n cada vez mas cerca\u00bb."},"content":{"rendered":"<p><a href=\"http:\/\/armstrongyregion.com.ar\/diario\/wp-content\/uploads\/2017\/05\/rasetto-.jpg\"><img loading=\"lazy\" decoding=\"async\" class=\"alignnone size-medium wp-image-13156\" src=\"http:\/\/armstrongyregion.com.ar\/diario\/wp-content\/uploads\/2017\/05\/rasetto--300x169.jpg\" alt=\"rasetto-\" width=\"300\" height=\"169\" srcset=\"https:\/\/armstrongyregion.com.ar\/diario\/wp-content\/uploads\/2017\/05\/rasetto--300x169.jpg 300w, https:\/\/armstrongyregion.com.ar\/diario\/wp-content\/uploads\/2017\/05\/rasetto-.jpg 768w\" sizes=\"auto, (max-width: 300px) 100vw, 300px\" \/><\/a>Asi se expres\u00f3 el Senador al concluir la reuni\u00f3n junto al Presidente de la Corte Suprema de Justicia de la Provincia, Dr. Daniel Erbetta en la ciudad de Santa Fe, para repasar el proyecto de construcci\u00f3n del nuevo edificio de tribunales para Ca\u00f1ada de G\u00f3mez.<\/p>\n<p>Fue este mi\u00e9rcoles por la ma\u00f1ana en un encuentro del que tambi\u00e9n participaron \u00a0el Ministro de la Corte, Dr. Roberto Falistocco y el Ingeniero Emilio Barros para debatir sobre el proyecto de construcci\u00f3n del nuevo edificio de tribunales para Ca\u00f1ada de G\u00f3mez.<br \/>\nAl finalizar el Senador expres\u00f3 que \u00abcomo me adelant\u00f3 el Gobernador Lifstchitz durante la cena del centenario de Newel&#8217;s old Boys, pr\u00f3ximamente saldr\u00e1 el llamado a licitaci\u00f3n para la construcci\u00f3n del edificio de tribunales de Ca\u00f1ada, obra que mejorar\u00e1 la estructura edilicia del Poder Judicial y traer\u00e1 mayor comodidad y agilidad \u00a0para los magistrados, empleados y funcionarios que lo utilicen, agilizando el poder judicial en toda la zona\u00bb<\/p>\n<div class=\"yj6qo ajU\">\n<div id=\":ld\" class=\"ajR\" tabindex=\"0\" data-tooltip=\"Mostrar contenido reducido\"><img decoding=\"async\" class=\"ajT\" src=\"https:\/\/ssl.gstatic.com\/ui\/v1\/icons\/mail\/images\/cleardot.gif\" alt=\"\" \/><\/div>\n<\/div>\n","protected":false},"excerpt":{"rendered":"<p>Asi se expres\u00f3 el Senador al concluir la reuni\u00f3n junto al Presidente de la Corte Suprema de Justicia de la Provincia, Dr. Daniel Erbetta en la ciudad de Santa Fe, para repasar el proyecto de construcci\u00f3n del nuevo edificio de tribunales para Ca\u00f1ada de G\u00f3mez. Fue este mi\u00e9rcoles por la ma\u00f1ana en un encuentro del <a href=\"https:\/\/armstrongyregion.com.ar\/diario\/rasetto-los-tribunales-de-canada-estan-cada-vez-mas-cerca\/\" title=\"Read more\" >&#8230;<\/a><\/p>\n","protected":false},"author":1,"featured_media":13156,"comment_status":"open","ping_status":"open","sticky":false,"template":"","format":"standard","meta":{"_jetpack_memberships_contains_paid_content":false,"footnotes":"","jetpack_publicize_message":"","jetpack_publicize_feature_enabled":true,"jetpack_social_post_already_shared":false,"jetpack_social_options":{"image_generator_settings":{"template":"highway","default_image_id":0,"enabled":false},"version":2}},"categories":[1,7,3],"tags":[5503],"class_list":["post-13155","post","type-post","status-publish","format-standard","has-post-thumbnail","hentry","category-diario-armstrong","category-politica","category-region","tag-rasetto-los-tribunales-de-canada-estan-cada-vez-mas-cerca"],"jetpack_publicize_connections":[],"jetpack_featured_media_url":"https:\/\/armstrongyregion.com.ar\/diario\/wp-content\/uploads\/2017\/05\/rasetto-.jpg","jetpack_shortlink":"https:\/\/wp.me\/p62QDO-3qb","jetpack_sharing_enabled":true,"amp_enabled":true,"_links":{"self":[{"href":"https:\/\/armstrongyregion.com.ar\/diario\/wp-json\/wp\/v2\/posts\/13155","targetHints":{"allow":["GET"]}}],"collection":[{"href":"https:\/\/armstrongyregion.com.ar\/diario\/wp-json\/wp\/v2\/posts"}],"about":[{"href":"https:\/\/armstrongyregion.com.ar\/diario\/wp-json\/wp\/v2\/types\/post"}],"author":[{"embeddable":true,"href":"https:\/\/armstrongyregion.com.ar\/diario\/wp-json\/wp\/v2\/users\/1"}],"replies":[{"embeddable":true,"href":"https:\/\/armstrongyregion.com.ar\/diario\/wp-json\/wp\/v2\/comments?post=13155"}],"version-history":[{"count":0,"href":"https:\/\/armstrongyregion.com.ar\/diario\/wp-json\/wp\/v2\/posts\/13155\/revisions"}],"wp:featuredmedia":[{"embeddable":true,"href":"https:\/\/armstrongyregion.com.ar\/diario\/wp-json\/wp\/v2\/media\/13156"}],"wp:attachment":[{"href":"https:\/\/armstrongyregion.com.ar\/diario\/wp-json\/wp\/v2\/media?parent=13155"}],"wp:term":[{"taxonomy":"category","embeddable":true,"href":"https:\/\/armstrongyregion.com.ar\/diario\/wp-json\/wp\/v2\/categories?post=13155"},{"taxonomy":"post_tag","embeddable":true,"href":"https:\/\/armstrongyregion.com.ar\/diario\/wp-json\/wp\/v2\/tags?post=13155"}],"curies":[{"name":"wp","href":"https:\/\/api.w.org\/{rel}","templated":true}]}}