{"id":13151,"date":"2017-05-31T23:35:12","date_gmt":"2017-05-31T23:35:12","guid":{"rendered":"https:\/\/armstrongyregion.com.ar\/diario\/?p=13151"},"modified":"2017-05-31T23:35:12","modified_gmt":"2017-05-31T23:35:12","slug":"nuevos-uniformes-para-la-policia-santafesina","status":"publish","type":"post","link":"https:\/\/armstrongyregion.com.ar\/diario\/nuevos-uniformes-para-la-policia-santafesina\/","title":{"rendered":"Nuevos uniformes para la Polic\u00eda Santafesina."},"content":{"rendered":"<p><a href=\"http:\/\/armstrongyregion.com.ar\/diario\/wp-content\/uploads\/2017\/05\/WhatsApp-Image-2017-05-23-at-13.43.101.jpeg\"><img loading=\"lazy\" decoding=\"async\" class=\"alignnone size-medium wp-image-13152\" src=\"http:\/\/armstrongyregion.com.ar\/diario\/wp-content\/uploads\/2017\/05\/WhatsApp-Image-2017-05-23-at-13.43.101-300x200.jpeg\" alt=\"WhatsApp Image 2017-05-23 at 13.43.10(1)\" width=\"300\" height=\"200\" srcset=\"https:\/\/armstrongyregion.com.ar\/diario\/wp-content\/uploads\/2017\/05\/WhatsApp-Image-2017-05-23-at-13.43.101-300x200.jpeg 300w, https:\/\/armstrongyregion.com.ar\/diario\/wp-content\/uploads\/2017\/05\/WhatsApp-Image-2017-05-23-at-13.43.101.jpeg 768w\" sizes=\"auto, (max-width: 300px) 100vw, 300px\" \/><\/a>Desde hace tres semanas en las 19 Unidades Regionales de la Provincia de Santa Fe, se est\u00e1n tomando las medidas para los nuevos uniformes de fajina del personal policial. Efectivos de la instituci\u00f3n, capacitados por personal del Ministerio de Seguridad tienen a su cargo la tarea de recoger los datos de los 16 piezas que formar\u00e1n el equipo que se confeccionar\u00e1 para los mas de 24 mil polic\u00edas que revistan en la fuerza.<\/p>\n<p>\u201cEs un hecho hist\u00f3rico que se entreguen para cada uno de los 24,451 polic\u00edas de la Provincia de Santa Fe 16 prendas\u201d, expres\u00f3 el Director Provincial de Programaci\u00f3n Territorial del Ministerio de Seguridad, Roberto Verg\u00e9 quien confirm\u00f3 que un alto porcentaje de la fuerza ya tiene las tallas tomadas y en breve se confeccionar\u00e1 el pliego de licitaci\u00f3n para \u201cuniformes de calidad\u201d, seg\u00fan afirm\u00f3<\/p>\n<p>La inversi\u00f3n es de m\u00e1s de 200 millones de pesos y forma parte del plan integral de mejora de la fuerza policial llevado adelante por el Ministerio que encabeza Maximiliano Pullaro. \u201cEstamos trabajando para tener una mejor polic\u00eda\u201d manifest\u00f3 el ministro \u201cEstamos trabajando para tener una de las mejores polic\u00edas del pa\u00eds. Cuando asumimos este desaf\u00edo el gobernador Miguel Lifschitz nos encomend\u00f3 poner a nuestra polic\u00eda entre las mejores de la Argentina. Estoy convencido que al final de mi gesti\u00f3n dejar\u00e9 una mejor instituci\u00f3n\u201d finaliz\u00f3<\/p>\n","protected":false},"excerpt":{"rendered":"<p>Desde hace tres semanas en las 19 Unidades Regionales de la Provincia de Santa Fe, se est\u00e1n tomando las medidas para los nuevos uniformes de fajina del personal policial. Efectivos de la instituci\u00f3n, capacitados por personal del Ministerio de Seguridad tienen a su cargo la tarea de recoger los datos de los 16 piezas que <a href=\"https:\/\/armstrongyregion.com.ar\/diario\/nuevos-uniformes-para-la-policia-santafesina\/\" title=\"Read more\" >&#8230;<\/a><\/p>\n","protected":false},"author":1,"featured_media":13152,"comment_status":"open","ping_status":"open","sticky":false,"template":"","format":"standard","meta":{"_jetpack_memberships_contains_paid_content":false,"footnotes":"","jetpack_publicize_message":"","jetpack_publicize_feature_enabled":true,"jetpack_social_post_already_shared":false,"jetpack_social_options":{"image_generator_settings":{"template":"highway","default_image_id":0,"enabled":false},"version":2}},"categories":[1,2,2852,7,3],"tags":[5502],"class_list":["post-13151","post","type-post","status-publish","format-standard","has-post-thumbnail","hentry","category-diario-armstrong","category-locales","category-policiales","category-politica","category-region","tag-nuevos-uniformes-para-la-policia-santafesina"],"jetpack_publicize_connections":[],"jetpack_featured_media_url":"https:\/\/armstrongyregion.com.ar\/diario\/wp-content\/uploads\/2017\/05\/WhatsApp-Image-2017-05-23-at-13.43.101.jpeg","jetpack_shortlink":"https:\/\/wp.me\/p62QDO-3q7","jetpack_sharing_enabled":true,"amp_enabled":true,"_links":{"self":[{"href":"https:\/\/armstrongyregion.com.ar\/diario\/wp-json\/wp\/v2\/posts\/13151","targetHints":{"allow":["GET"]}}],"collection":[{"href":"https:\/\/armstrongyregion.com.ar\/diario\/wp-json\/wp\/v2\/posts"}],"about":[{"href":"https:\/\/armstrongyregion.com.ar\/diario\/wp-json\/wp\/v2\/types\/post"}],"author":[{"embeddable":true,"href":"https:\/\/armstrongyregion.com.ar\/diario\/wp-json\/wp\/v2\/users\/1"}],"replies":[{"embeddable":true,"href":"https:\/\/armstrongyregion.com.ar\/diario\/wp-json\/wp\/v2\/comments?post=13151"}],"version-history":[{"count":0,"href":"https:\/\/armstrongyregion.com.ar\/diario\/wp-json\/wp\/v2\/posts\/13151\/revisions"}],"wp:featuredmedia":[{"embeddable":true,"href":"https:\/\/armstrongyregion.com.ar\/diario\/wp-json\/wp\/v2\/media\/13152"}],"wp:attachment":[{"href":"https:\/\/armstrongyregion.com.ar\/diario\/wp-json\/wp\/v2\/media?parent=13151"}],"wp:term":[{"taxonomy":"category","embeddable":true,"href":"https:\/\/armstrongyregion.com.ar\/diario\/wp-json\/wp\/v2\/categories?post=13151"},{"taxonomy":"post_tag","embeddable":true,"href":"https:\/\/armstrongyregion.com.ar\/diario\/wp-json\/wp\/v2\/tags?post=13151"}],"curies":[{"name":"wp","href":"https:\/\/api.w.org\/{rel}","templated":true}]}}