{"id":13134,"date":"2017-05-30T11:23:01","date_gmt":"2017-05-30T11:23:01","guid":{"rendered":"https:\/\/armstrongyregion.com.ar\/diario\/?p=13134"},"modified":"2017-05-30T11:23:01","modified_gmt":"2017-05-30T11:23:01","slug":"este-martes-en-deliberando-mano-a-mano-con-el-senador-departamental-guillermo-cornaglia","status":"publish","type":"post","link":"https:\/\/armstrongyregion.com.ar\/diario\/este-martes-en-deliberando-mano-a-mano-con-el-senador-departamental-guillermo-cornaglia\/","title":{"rendered":"Este martes en DELIBERANDO, mano a mano con el senador departamental Guillermo Cornaglia."},"content":{"rendered":"<p><a href=\"http:\/\/armstrongyregion.com.ar\/diario\/wp-content\/uploads\/2017\/05\/DSC_0546.jpg\"><img loading=\"lazy\" decoding=\"async\" class=\"size-medium wp-image-13135\" src=\"http:\/\/armstrongyregion.com.ar\/diario\/wp-content\/uploads\/2017\/05\/DSC_0546-300x200.jpg\" alt=\"Abordaremos temas pol\u00edticos como ser la actualidad del PJ en el departamento Belgrano y especialmente en la ciudad de Armstrong. El senador repasar\u00e1 lo actuado hasta ahora hablando de la transparencia con que se maneja en la entrega de ayudas econ\u00f3micas tanto a entidades como a particulares y cu\u00e1les son las mayores necesidades planteadas.  Cornaglia abordara el tema de la interna justicialista en la provincia y como podr\u00eda ser la lista para las elecciones pr\u00f3ximas. Tambi\u00e9n marc\u00f3 su tranquilidad en lo que hace a las auditorias que se han dado a conocer y su intencionalidad. Todo esto este martes en DELIBERANDO con la conducci\u00f3n de la licenciada Graciela de la Casa- Oscar Crispino- Ezequiel Piccoli- 21hs Cable Imagen Armstrong.\" width=\"300\" height=\"200\" srcset=\"https:\/\/armstrongyregion.com.ar\/diario\/wp-content\/uploads\/2017\/05\/DSC_0546-300x200.jpg 300w, https:\/\/armstrongyregion.com.ar\/diario\/wp-content\/uploads\/2017\/05\/DSC_0546-1024x683.jpg 1024w\" sizes=\"auto, (max-width: 300px) 100vw, 300px\" \/><\/a><\/p>\n<p>Abordaremos temas pol\u00edticos como ser la actualidad del PJ en el departamento Belgrano y especialmente en la ciudad de Armstrong. El senador repasar\u00e1 lo actuado hasta ahora hablando de la transparencia con que se maneja en la entrega de ayudas econ\u00f3micas tanto a entidades como a particulares y cu\u00e1les son las mayores necesidades planteadas.<\/p>\n<p>Cornaglia abordara el tema de la interna justicialista en la provincia y como podr\u00eda ser la lista para las elecciones pr\u00f3ximas. Tambi\u00e9n marc\u00f3 su tranquilidad en lo que hace a las auditorias que se han dado a conocer y su intencionalidad.<\/p>\n<p>Todo esto este martes en DELIBERANDO con la conducci\u00f3n de la licenciada Graciela de la Casa- Oscar Crispino- Ezequiel Piccoli-<\/p>\n<p>21hs Cable Imagen Armstrong.<\/p>\n","protected":false},"excerpt":{"rendered":"<p>Abordaremos temas pol\u00edticos como ser la actualidad del PJ en el departamento Belgrano y especialmente en la ciudad de Armstrong. El senador repasar\u00e1 lo actuado hasta ahora hablando de la transparencia con que se maneja en la entrega de ayudas econ\u00f3micas tanto a entidades como a particulares y cu\u00e1les son las mayores necesidades planteadas. Cornaglia <a href=\"https:\/\/armstrongyregion.com.ar\/diario\/este-martes-en-deliberando-mano-a-mano-con-el-senador-departamental-guillermo-cornaglia\/\" title=\"Read more\" >&#8230;<\/a><\/p>\n","protected":false},"author":1,"featured_media":13135,"comment_status":"open","ping_status":"open","sticky":false,"template":"","format":"standard","meta":{"_jetpack_memberships_contains_paid_content":false,"footnotes":"","jetpack_publicize_message":"","jetpack_publicize_feature_enabled":true,"jetpack_social_post_already_shared":false,"jetpack_social_options":{"image_generator_settings":{"template":"highway","default_image_id":0,"enabled":false},"version":2}},"categories":[1,2,7,3],"tags":[1307,5491],"class_list":["post-13134","post","type-post","status-publish","format-standard","has-post-thumbnail","hentry","category-diario-armstrong","category-locales","category-politica","category-region","tag-este-martes-en-deliberando","tag-mano-a-mano-con-el-senador-departamental-guillermo-cornaglia"],"jetpack_publicize_connections":[],"jetpack_featured_media_url":"https:\/\/armstrongyregion.com.ar\/diario\/wp-content\/uploads\/2017\/05\/DSC_0546.jpg","jetpack_shortlink":"https:\/\/wp.me\/p62QDO-3pQ","jetpack_sharing_enabled":true,"amp_enabled":true,"_links":{"self":[{"href":"https:\/\/armstrongyregion.com.ar\/diario\/wp-json\/wp\/v2\/posts\/13134","targetHints":{"allow":["GET"]}}],"collection":[{"href":"https:\/\/armstrongyregion.com.ar\/diario\/wp-json\/wp\/v2\/posts"}],"about":[{"href":"https:\/\/armstrongyregion.com.ar\/diario\/wp-json\/wp\/v2\/types\/post"}],"author":[{"embeddable":true,"href":"https:\/\/armstrongyregion.com.ar\/diario\/wp-json\/wp\/v2\/users\/1"}],"replies":[{"embeddable":true,"href":"https:\/\/armstrongyregion.com.ar\/diario\/wp-json\/wp\/v2\/comments?post=13134"}],"version-history":[{"count":0,"href":"https:\/\/armstrongyregion.com.ar\/diario\/wp-json\/wp\/v2\/posts\/13134\/revisions"}],"wp:featuredmedia":[{"embeddable":true,"href":"https:\/\/armstrongyregion.com.ar\/diario\/wp-json\/wp\/v2\/media\/13135"}],"wp:attachment":[{"href":"https:\/\/armstrongyregion.com.ar\/diario\/wp-json\/wp\/v2\/media?parent=13134"}],"wp:term":[{"taxonomy":"category","embeddable":true,"href":"https:\/\/armstrongyregion.com.ar\/diario\/wp-json\/wp\/v2\/categories?post=13134"},{"taxonomy":"post_tag","embeddable":true,"href":"https:\/\/armstrongyregion.com.ar\/diario\/wp-json\/wp\/v2\/tags?post=13134"}],"curies":[{"name":"wp","href":"https:\/\/api.w.org\/{rel}","templated":true}]}}