{"id":13119,"date":"2017-05-29T12:33:45","date_gmt":"2017-05-29T12:33:45","guid":{"rendered":"https:\/\/armstrongyregion.com.ar\/diario\/?p=13119"},"modified":"2017-05-29T12:33:45","modified_gmt":"2017-05-29T12:33:45","slug":"pullaro-rasetto-y-segretin-en-la-reunion-del-consejo-de-seguridad-de-canada-de-gomez","status":"publish","type":"post","link":"https:\/\/armstrongyregion.com.ar\/diario\/pullaro-rasetto-y-segretin-en-la-reunion-del-consejo-de-seguridad-de-canada-de-gomez\/","title":{"rendered":"Pullaro, Rasetto y Segretin en la reuni\u00f3n del Consejo de Seguridad de Ca\u00f1ada de G\u00f3mez."},"content":{"rendered":"<p><a href=\"http:\/\/armstrongyregion.com.ar\/diario\/wp-content\/uploads\/2017\/05\/Pullaro-Rasetto-.jpg\"><img loading=\"lazy\" decoding=\"async\" class=\"alignnone size-medium wp-image-13120\" src=\"http:\/\/armstrongyregion.com.ar\/diario\/wp-content\/uploads\/2017\/05\/Pullaro-Rasetto--300x199.jpg\" alt=\"Pullaro-Rasetto-\" width=\"300\" height=\"199\" srcset=\"https:\/\/armstrongyregion.com.ar\/diario\/wp-content\/uploads\/2017\/05\/Pullaro-Rasetto--300x199.jpg 300w, https:\/\/armstrongyregion.com.ar\/diario\/wp-content\/uploads\/2017\/05\/Pullaro-Rasetto-.jpg 768w\" sizes=\"auto, (max-width: 300px) 100vw, 300px\" \/><\/a>El d\u00eda viernes por la tarde se realiz\u00f3 una nueva reuni\u00f3n de la Mesa Ejecutiva del Consejo de Seguridad de la ciudad de Ca\u00f1ada de G\u00f3mez, con la presencia del Ministro de Seguridad de la Provincia de Santa Fe, Maximiliano Pullaro, el Senador por el Departamento Iriondo, Hugo Rasetto, el jefe de la URX, Director de Polic\u00eda Lino Gabriel Segretin, el Presidente del Centro Econ\u00f3mico, Marcelo Ardizzi, el Coordinador de Seguridad Ciudana, Luis Leiva, Concejales y dem\u00e1s autoridades de la ciudad.<\/p>\n<div>Durante la reuni\u00f3n se abordaron distintos temas entre los que se destacaron la situaci\u00f3n de la seguridad a nivel provincial y local, la \u00abLey de Narcomenudeo\u00bb y los distintos proyectos para la refuncionalizaci\u00f3n de la Jefatura de Polic\u00eda de Ca\u00f1ada de G\u00f3mez.<\/div>\n<div>\n<div class=\"m_-1029669026263062152gmail-m_921166873287284011gmail-m_-6913429037798892748gmail_signature\">\n<div dir=\"ltr\">\n<div>En el encuentro, que dur\u00f3 mas de una hora y media, los presentes acercaron sus puntos de vista al Ministro, con el cual debatieron a fin de despejar dudas y aportar sus opiniones sobre un problema que aqueja a toda la sociedad.<\/div>\n<div>Sobre la reuni\u00f3n el Senador Rasetto agradeci\u00f3 la presencia del Ministro ya que \u00abes de suma importancia ver tantos actores que hacen a la seguridad ciudadana reunidos hoy ac\u00e1, creemos que este es un paso fundamental, trabajando en conjunto y coordinando nuevas acciones para tratar de resolver el problema de la delincuencia\u00bb.<\/div>\n<\/div>\n<\/div>\n<\/div>\n","protected":false},"excerpt":{"rendered":"<p>El d\u00eda viernes por la tarde se realiz\u00f3 una nueva reuni\u00f3n de la Mesa Ejecutiva del Consejo de Seguridad de la ciudad de Ca\u00f1ada de G\u00f3mez, con la presencia del Ministro de Seguridad de la Provincia de Santa Fe, Maximiliano Pullaro, el Senador por el Departamento Iriondo, Hugo Rasetto, el jefe de la URX, Director <a href=\"https:\/\/armstrongyregion.com.ar\/diario\/pullaro-rasetto-y-segretin-en-la-reunion-del-consejo-de-seguridad-de-canada-de-gomez\/\" title=\"Read more\" >&#8230;<\/a><\/p>\n","protected":false},"author":1,"featured_media":13120,"comment_status":"open","ping_status":"open","sticky":false,"template":"","format":"standard","meta":{"_jetpack_memberships_contains_paid_content":false,"footnotes":"","jetpack_publicize_message":"","jetpack_publicize_feature_enabled":true,"jetpack_social_post_already_shared":false,"jetpack_social_options":{"image_generator_settings":{"template":"highway","default_image_id":0,"enabled":false},"version":2}},"categories":[1,7,3],"tags":[2846,5488],"class_list":["post-13119","post","type-post","status-publish","format-standard","has-post-thumbnail","hentry","category-diario-armstrong","category-politica","category-region","tag-pullaro","tag-rasetto-y-segretin-en-la-reunion-del-consejo-de-seguridad-de-canada-de-gomez"],"jetpack_publicize_connections":[],"jetpack_featured_media_url":"https:\/\/armstrongyregion.com.ar\/diario\/wp-content\/uploads\/2017\/05\/Pullaro-Rasetto-.jpg","jetpack_shortlink":"https:\/\/wp.me\/p62QDO-3pB","jetpack_sharing_enabled":true,"amp_enabled":true,"_links":{"self":[{"href":"https:\/\/armstrongyregion.com.ar\/diario\/wp-json\/wp\/v2\/posts\/13119","targetHints":{"allow":["GET"]}}],"collection":[{"href":"https:\/\/armstrongyregion.com.ar\/diario\/wp-json\/wp\/v2\/posts"}],"about":[{"href":"https:\/\/armstrongyregion.com.ar\/diario\/wp-json\/wp\/v2\/types\/post"}],"author":[{"embeddable":true,"href":"https:\/\/armstrongyregion.com.ar\/diario\/wp-json\/wp\/v2\/users\/1"}],"replies":[{"embeddable":true,"href":"https:\/\/armstrongyregion.com.ar\/diario\/wp-json\/wp\/v2\/comments?post=13119"}],"version-history":[{"count":0,"href":"https:\/\/armstrongyregion.com.ar\/diario\/wp-json\/wp\/v2\/posts\/13119\/revisions"}],"wp:featuredmedia":[{"embeddable":true,"href":"https:\/\/armstrongyregion.com.ar\/diario\/wp-json\/wp\/v2\/media\/13120"}],"wp:attachment":[{"href":"https:\/\/armstrongyregion.com.ar\/diario\/wp-json\/wp\/v2\/media?parent=13119"}],"wp:term":[{"taxonomy":"category","embeddable":true,"href":"https:\/\/armstrongyregion.com.ar\/diario\/wp-json\/wp\/v2\/categories?post=13119"},{"taxonomy":"post_tag","embeddable":true,"href":"https:\/\/armstrongyregion.com.ar\/diario\/wp-json\/wp\/v2\/tags?post=13119"}],"curies":[{"name":"wp","href":"https:\/\/api.w.org\/{rel}","templated":true}]}}