{"id":13113,"date":"2017-05-28T14:06:11","date_gmt":"2017-05-28T14:06:11","guid":{"rendered":"https:\/\/armstrongyregion.com.ar\/diario\/?p=13113"},"modified":"2017-05-28T14:06:11","modified_gmt":"2017-05-28T14:06:11","slug":"accidente-en-el-km-385-un-fallecido-y-seis-heridos","status":"publish","type":"post","link":"https:\/\/armstrongyregion.com.ar\/diario\/accidente-en-el-km-385-un-fallecido-y-seis-heridos\/","title":{"rendered":"Accidente en el Km 385. Un fallecido y seis heridos."},"content":{"rendered":"<p><a href=\"http:\/\/armstrongyregion.com.ar\/diario\/wp-content\/uploads\/2017\/05\/Accidente..jpg\"><img loading=\"lazy\" decoding=\"async\" class=\"alignnone size-medium wp-image-13114\" src=\"http:\/\/armstrongyregion.com.ar\/diario\/wp-content\/uploads\/2017\/05\/Accidente.-300x169.jpg\" alt=\"Accidente.\" width=\"300\" height=\"169\" srcset=\"https:\/\/armstrongyregion.com.ar\/diario\/wp-content\/uploads\/2017\/05\/Accidente.-300x169.jpg 300w, https:\/\/armstrongyregion.com.ar\/diario\/wp-content\/uploads\/2017\/05\/Accidente..jpg 768w\" sizes=\"auto, (max-width: 300px) 100vw, 300px\" \/><\/a>Accidente en la ruta con siete personas involucradas. Un auto y una camioneta chocaron esta madrugada la altura del kil\u00f3metro 385. Cinco de los ocupantes habitantes de Armstrong y dos de Ca\u00f1ada, resultado un fallecido y seis personas lesionadas las cuales fueron trasladadas a los hospitales de ambas ciudades. La ruta estuvo cortada hasta las 8.30.<\/p>\n<p>En el grave incidente participaron un autom\u00f3vil VW Passat, con cinco ocupantes, todos de Armstrong, y una camioneta Ford Ranger, en la que circulaban dos ca\u00f1adenses.<\/p>\n<p>A ra\u00edz del fuerte impacto, un fallecido y seis personas con lesiones de distinta gravedad quienes viajaban en ambos veh\u00edculos, quienes fueron trasladados a los hospitales de ambas ciudades.<\/p>\n<p>Al lugar acudieron dotaciones de los cuerpos de Bomberos y policiales de Armstrong y Ca\u00f1ada, Protecci\u00f3n Civil de nuestra ciudad, el servicio de emergencias m\u00e9dicas Cemi, as\u00ed como de Tr\u00e1nsito de la vecina ciudad, mientras que la ruta permaneci\u00f3 cortada desde las 6.50 hasta las 8.30.<\/p>\n<p>Fuente: Otro Dia.com. Fm Sol. Y Bomberos Voluntarios de Armstrong.<\/p>\n<p>AMPLIAREMOS.<\/p>\n","protected":false},"excerpt":{"rendered":"<p>Accidente en la ruta con siete personas involucradas. Un auto y una camioneta chocaron esta madrugada la altura del kil\u00f3metro 385. Cinco de los ocupantes habitantes de Armstrong y dos de Ca\u00f1ada, resultado un fallecido y seis personas lesionadas las cuales fueron trasladadas a los hospitales de ambas ciudades. La ruta estuvo cortada hasta las <a href=\"https:\/\/armstrongyregion.com.ar\/diario\/accidente-en-el-km-385-un-fallecido-y-seis-heridos\/\" title=\"Read more\" >&#8230;<\/a><\/p>\n","protected":false},"author":1,"featured_media":13114,"comment_status":"open","ping_status":"open","sticky":false,"template":"","format":"standard","meta":{"_jetpack_memberships_contains_paid_content":false,"footnotes":"","jetpack_publicize_message":"","jetpack_publicize_feature_enabled":true,"jetpack_social_post_already_shared":false,"jetpack_social_options":{"image_generator_settings":{"template":"highway","default_image_id":0,"enabled":false},"version":2}},"categories":[8,1,2,2852,3],"tags":[5486],"class_list":["post-13113","post","type-post","status-publish","format-standard","has-post-thumbnail","hentry","category-deliberando","category-diario-armstrong","category-locales","category-policiales","category-region","tag-accidente-en-el-km-385-un-fallecido-y-seis-heridos"],"jetpack_publicize_connections":[],"jetpack_featured_media_url":"https:\/\/armstrongyregion.com.ar\/diario\/wp-content\/uploads\/2017\/05\/Accidente..jpg","jetpack_shortlink":"https:\/\/wp.me\/p62QDO-3pv","jetpack_sharing_enabled":true,"amp_enabled":true,"_links":{"self":[{"href":"https:\/\/armstrongyregion.com.ar\/diario\/wp-json\/wp\/v2\/posts\/13113","targetHints":{"allow":["GET"]}}],"collection":[{"href":"https:\/\/armstrongyregion.com.ar\/diario\/wp-json\/wp\/v2\/posts"}],"about":[{"href":"https:\/\/armstrongyregion.com.ar\/diario\/wp-json\/wp\/v2\/types\/post"}],"author":[{"embeddable":true,"href":"https:\/\/armstrongyregion.com.ar\/diario\/wp-json\/wp\/v2\/users\/1"}],"replies":[{"embeddable":true,"href":"https:\/\/armstrongyregion.com.ar\/diario\/wp-json\/wp\/v2\/comments?post=13113"}],"version-history":[{"count":0,"href":"https:\/\/armstrongyregion.com.ar\/diario\/wp-json\/wp\/v2\/posts\/13113\/revisions"}],"wp:featuredmedia":[{"embeddable":true,"href":"https:\/\/armstrongyregion.com.ar\/diario\/wp-json\/wp\/v2\/media\/13114"}],"wp:attachment":[{"href":"https:\/\/armstrongyregion.com.ar\/diario\/wp-json\/wp\/v2\/media?parent=13113"}],"wp:term":[{"taxonomy":"category","embeddable":true,"href":"https:\/\/armstrongyregion.com.ar\/diario\/wp-json\/wp\/v2\/categories?post=13113"},{"taxonomy":"post_tag","embeddable":true,"href":"https:\/\/armstrongyregion.com.ar\/diario\/wp-json\/wp\/v2\/tags?post=13113"}],"curies":[{"name":"wp","href":"https:\/\/api.w.org\/{rel}","templated":true}]}}