{"id":13010,"date":"2017-05-21T00:05:06","date_gmt":"2017-05-21T00:05:06","guid":{"rendered":"https:\/\/armstrongyregion.com.ar\/diario\/?p=13010"},"modified":"2017-05-21T00:05:06","modified_gmt":"2017-05-21T00:05:06","slug":"el-municipio-canadense-realizo-actvidades-por-el-dia-de-los-museos","status":"publish","type":"post","link":"https:\/\/armstrongyregion.com.ar\/diario\/el-municipio-canadense-realizo-actvidades-por-el-dia-de-los-museos\/","title":{"rendered":"El Municipio Ca\u00f1adense realiz\u00f3 actvidades por el D\u00eda de los Museos."},"content":{"rendered":"<p><a href=\"http:\/\/armstrongyregion.com.ar\/diario\/wp-content\/uploads\/2017\/05\/Pablo-DITO.jpg\"><img loading=\"lazy\" decoding=\"async\" class=\"alignnone size-medium wp-image-13011\" src=\"http:\/\/armstrongyregion.com.ar\/diario\/wp-content\/uploads\/2017\/05\/Pablo-DITO-300x225.jpg\" alt=\"Pablo-DITO\" width=\"300\" height=\"225\" srcset=\"https:\/\/armstrongyregion.com.ar\/diario\/wp-content\/uploads\/2017\/05\/Pablo-DITO-300x225.jpg 300w, https:\/\/armstrongyregion.com.ar\/diario\/wp-content\/uploads\/2017\/05\/Pablo-DITO.jpg 960w\" sizes=\"auto, (max-width: 300px) 100vw, 300px\" \/><\/a>Escuelas y p\u00fablico en general recorrieron de Arte, el Ferroviario y el Museo Hist\u00f3rico, en el cual el lunes comienzan trabajos de ampliaci\u00f3n.<\/p>\n<p>En el marco del D\u00eda Internacional de los Museos, la municipalidad realiz\u00f3 actividad que incluy\u00f3 recorrido por el circuito museol\u00f3gico integrado por el Museo Hist\u00f3rico, de Arte Ca\u00f1adense y Ferroviario.<br \/>\nEscuelas y p\u00fablico en general visitaron las instalaciones de cada uno, para conocer el trabajo que se viene realizando en conservaci\u00f3n de material y archivos hist\u00f3ricos, y en este marco se anunci\u00f3 el inicio de los trabajos durante los pr\u00f3ximos d\u00edas en la ampliaci\u00f3n del Museo Hist\u00f3rico.<br \/>\n\u201cComo parte de la celebraci\u00f3n a nivel mundial del d\u00eda de los museos promovimos un recorrido con las escuelas por el circuito museol\u00f3gico de la ciudad, continuando con la iniciativa de poner la historia local al alcance de todos\u201d, expres\u00f3 el coordinador de Museos y Patrimonio Hist\u00f3rico Pablo Di Tomaso.<\/p>\n<div class=\"yj6qo ajU\">\n<div id=\":mr\" class=\"ajR\" tabindex=\"0\" data-tooltip=\"Mostrar contenido reducido\"><img decoding=\"async\" class=\"ajT\" src=\"https:\/\/ssl.gstatic.com\/ui\/v1\/icons\/mail\/images\/cleardot.gif\" alt=\"\" \/><\/div>\n<\/div>\n","protected":false},"excerpt":{"rendered":"<p>Escuelas y p\u00fablico en general recorrieron de Arte, el Ferroviario y el Museo Hist\u00f3rico, en el cual el lunes comienzan trabajos de ampliaci\u00f3n. En el marco del D\u00eda Internacional de los Museos, la municipalidad realiz\u00f3 actividad que incluy\u00f3 recorrido por el circuito museol\u00f3gico integrado por el Museo Hist\u00f3rico, de Arte Ca\u00f1adense y Ferroviario. Escuelas y <a href=\"https:\/\/armstrongyregion.com.ar\/diario\/el-municipio-canadense-realizo-actvidades-por-el-dia-de-los-museos\/\" title=\"Read more\" >&#8230;<\/a><\/p>\n","protected":false},"author":1,"featured_media":13011,"comment_status":"open","ping_status":"open","sticky":false,"template":"","format":"standard","meta":{"_jetpack_memberships_contains_paid_content":false,"footnotes":"","jetpack_publicize_message":"","jetpack_publicize_feature_enabled":true,"jetpack_social_post_already_shared":false,"jetpack_social_options":{"image_generator_settings":{"template":"highway","default_image_id":0,"enabled":false},"version":2}},"categories":[6,1,3],"tags":[5456],"class_list":["post-13010","post","type-post","status-publish","format-standard","has-post-thumbnail","hentry","category-cultura-entretenimiento","category-diario-armstrong","category-region","tag-el-municipio-canadense-realizo-actvidades-por-el-dia-de-los-museos"],"jetpack_publicize_connections":[],"jetpack_featured_media_url":"https:\/\/armstrongyregion.com.ar\/diario\/wp-content\/uploads\/2017\/05\/Pablo-DITO.jpg","jetpack_shortlink":"https:\/\/wp.me\/p62QDO-3nQ","jetpack_sharing_enabled":true,"amp_enabled":true,"_links":{"self":[{"href":"https:\/\/armstrongyregion.com.ar\/diario\/wp-json\/wp\/v2\/posts\/13010","targetHints":{"allow":["GET"]}}],"collection":[{"href":"https:\/\/armstrongyregion.com.ar\/diario\/wp-json\/wp\/v2\/posts"}],"about":[{"href":"https:\/\/armstrongyregion.com.ar\/diario\/wp-json\/wp\/v2\/types\/post"}],"author":[{"embeddable":true,"href":"https:\/\/armstrongyregion.com.ar\/diario\/wp-json\/wp\/v2\/users\/1"}],"replies":[{"embeddable":true,"href":"https:\/\/armstrongyregion.com.ar\/diario\/wp-json\/wp\/v2\/comments?post=13010"}],"version-history":[{"count":0,"href":"https:\/\/armstrongyregion.com.ar\/diario\/wp-json\/wp\/v2\/posts\/13010\/revisions"}],"wp:featuredmedia":[{"embeddable":true,"href":"https:\/\/armstrongyregion.com.ar\/diario\/wp-json\/wp\/v2\/media\/13011"}],"wp:attachment":[{"href":"https:\/\/armstrongyregion.com.ar\/diario\/wp-json\/wp\/v2\/media?parent=13010"}],"wp:term":[{"taxonomy":"category","embeddable":true,"href":"https:\/\/armstrongyregion.com.ar\/diario\/wp-json\/wp\/v2\/categories?post=13010"},{"taxonomy":"post_tag","embeddable":true,"href":"https:\/\/armstrongyregion.com.ar\/diario\/wp-json\/wp\/v2\/tags?post=13010"}],"curies":[{"name":"wp","href":"https:\/\/api.w.org\/{rel}","templated":true}]}}