{"id":13007,"date":"2017-05-20T23:52:34","date_gmt":"2017-05-20T23:52:34","guid":{"rendered":"https:\/\/armstrongyregion.com.ar\/diario\/?p=13007"},"modified":"2017-05-20T23:52:34","modified_gmt":"2017-05-20T23:52:34","slug":"el-senador-guillermo-cornaglia-se-reunio-con-el-ministro-de-justicia","status":"publish","type":"post","link":"https:\/\/armstrongyregion.com.ar\/diario\/el-senador-guillermo-cornaglia-se-reunio-con-el-ministro-de-justicia\/","title":{"rendered":"El Senador Guillermo Cornaglia se reunio con el Ministro de Justicia."},"content":{"rendered":"<p><a href=\"http:\/\/armstrongyregion.com.ar\/diario\/wp-content\/uploads\/2017\/05\/ministro-de-justicia.jpg2_.jpg\"><img loading=\"lazy\" decoding=\"async\" class=\"alignnone size-medium wp-image-13008\" src=\"http:\/\/armstrongyregion.com.ar\/diario\/wp-content\/uploads\/2017\/05\/ministro-de-justicia.jpg2_-300x193.jpg\" alt=\"ministro de justicia.jpg2\" width=\"300\" height=\"193\" srcset=\"https:\/\/armstrongyregion.com.ar\/diario\/wp-content\/uploads\/2017\/05\/ministro-de-justicia.jpg2_-300x193.jpg 300w, https:\/\/armstrongyregion.com.ar\/diario\/wp-content\/uploads\/2017\/05\/ministro-de-justicia.jpg2_.jpg 768w\" sizes=\"auto, (max-width: 300px) 100vw, 300px\" \/><\/a>El Senador \u00a0Guillermo Cornaglia \u00a0se reuni\u00f3 en la ciudad de Santa Fe, con el Ministro de Justicia de la Pcia , \u00a0Ricardo Silverstein, para tratar las distintas necesidades en materia de Insfraestructura y recursos humanos en nuestro Departamento Belgrano como as\u00ed tambi\u00e9n las modificaciones que deber\u00edan incorporarse en el Registro Procesal Penal.<\/p>\n","protected":false},"excerpt":{"rendered":"<p>El Senador \u00a0Guillermo Cornaglia \u00a0se reuni\u00f3 en la ciudad de Santa Fe, con el Ministro de Justicia de la Pcia , \u00a0Ricardo Silverstein, para tratar las distintas necesidades en materia de Insfraestructura y recursos humanos en nuestro Departamento Belgrano como as\u00ed tambi\u00e9n las modificaciones que deber\u00edan incorporarse en el Registro Procesal Penal.<\/p>\n","protected":false},"author":1,"featured_media":13008,"comment_status":"open","ping_status":"open","sticky":false,"template":"","format":"standard","meta":{"_jetpack_memberships_contains_paid_content":false,"footnotes":"","jetpack_publicize_message":"","jetpack_publicize_feature_enabled":true,"jetpack_social_post_already_shared":false,"jetpack_social_options":{"image_generator_settings":{"template":"highway","default_image_id":0,"enabled":false},"version":2}},"categories":[1,2,7,3],"tags":[5455],"class_list":["post-13007","post","type-post","status-publish","format-standard","has-post-thumbnail","hentry","category-diario-armstrong","category-locales","category-politica","category-region","tag-el-senador-guillermo-cornaglia-se-reunio-con-el-ministro-de-justicia"],"jetpack_publicize_connections":[],"jetpack_featured_media_url":"https:\/\/armstrongyregion.com.ar\/diario\/wp-content\/uploads\/2017\/05\/ministro-de-justicia.jpg2_.jpg","jetpack_shortlink":"https:\/\/wp.me\/p62QDO-3nN","jetpack_sharing_enabled":true,"amp_enabled":true,"_links":{"self":[{"href":"https:\/\/armstrongyregion.com.ar\/diario\/wp-json\/wp\/v2\/posts\/13007","targetHints":{"allow":["GET"]}}],"collection":[{"href":"https:\/\/armstrongyregion.com.ar\/diario\/wp-json\/wp\/v2\/posts"}],"about":[{"href":"https:\/\/armstrongyregion.com.ar\/diario\/wp-json\/wp\/v2\/types\/post"}],"author":[{"embeddable":true,"href":"https:\/\/armstrongyregion.com.ar\/diario\/wp-json\/wp\/v2\/users\/1"}],"replies":[{"embeddable":true,"href":"https:\/\/armstrongyregion.com.ar\/diario\/wp-json\/wp\/v2\/comments?post=13007"}],"version-history":[{"count":0,"href":"https:\/\/armstrongyregion.com.ar\/diario\/wp-json\/wp\/v2\/posts\/13007\/revisions"}],"wp:featuredmedia":[{"embeddable":true,"href":"https:\/\/armstrongyregion.com.ar\/diario\/wp-json\/wp\/v2\/media\/13008"}],"wp:attachment":[{"href":"https:\/\/armstrongyregion.com.ar\/diario\/wp-json\/wp\/v2\/media?parent=13007"}],"wp:term":[{"taxonomy":"category","embeddable":true,"href":"https:\/\/armstrongyregion.com.ar\/diario\/wp-json\/wp\/v2\/categories?post=13007"},{"taxonomy":"post_tag","embeddable":true,"href":"https:\/\/armstrongyregion.com.ar\/diario\/wp-json\/wp\/v2\/tags?post=13007"}],"curies":[{"name":"wp","href":"https:\/\/api.w.org\/{rel}","templated":true}]}}