{"id":12991,"date":"2017-05-19T01:28:14","date_gmt":"2017-05-19T01:28:14","guid":{"rendered":"https:\/\/armstrongyregion.com.ar\/diario\/?p=12991"},"modified":"2017-05-19T01:28:14","modified_gmt":"2017-05-19T01:28:14","slug":"se-intensifica-el-trabajo-vial-por-la-reparacion-de-la-ruta-15","status":"publish","type":"post","link":"https:\/\/armstrongyregion.com.ar\/diario\/se-intensifica-el-trabajo-vial-por-la-reparacion-de-la-ruta-15\/","title":{"rendered":"Se intensifica el trabajo vial por la reparaci\u00f3n de la Ruta 15."},"content":{"rendered":"<p><a href=\"http:\/\/armstrongyregion.com.ar\/diario\/wp-content\/uploads\/2017\/05\/Ruta-15.jpg\"><img loading=\"lazy\" decoding=\"async\" class=\"alignnone size-medium wp-image-12992\" src=\"http:\/\/armstrongyregion.com.ar\/diario\/wp-content\/uploads\/2017\/05\/Ruta-15-300x189.jpg\" alt=\"Ruta-15\" width=\"300\" height=\"189\" srcset=\"https:\/\/armstrongyregion.com.ar\/diario\/wp-content\/uploads\/2017\/05\/Ruta-15-300x189.jpg 300w, https:\/\/armstrongyregion.com.ar\/diario\/wp-content\/uploads\/2017\/05\/Ruta-15.jpg 768w\" sizes=\"auto, (max-width: 300px) 100vw, 300px\" \/><\/a>En la tarde del d\u00eda jueves 18 de mayo, el intendente Dr. Pablo Verdecchia junto al Asesor Legal y T\u00e9cnico de la Pcia. \u00a0Claudio Recanatesi y el Pte del Concejo Deliberante Adrian \u00a0Marozzi, \u00a0estuvieron recorriendo el obrador de la empresa adjudicataria de la repavimentaci\u00f3n de la Ruta 15, entre Armstrong- Cruz Alta abarcando un tramo de 36 km, la cual cuenta con una inversi\u00f3n de 140 millones de pesos.<\/p>\n<p>Esta obra vendr\u00eda a concluir una demanda hist\u00f3rica en la regi\u00f3n.<\/p>\n<p>Los funcionarios expresaron que esta semana comienzan los trabajos de bacheo, los cuales se ir\u00e1n realizando por tramos, y en dos semanas m\u00e1s, con el obrador terminado, se intensificar\u00e1 el trabajo vial.<\/p>\n<p>Se calcula un tiempo de ejecuci\u00f3n de menos de 9 meses para la culminaci\u00f3n de dicha obra tan solicitada y gestionada por distintos funcionarios de diversos colores pol\u00edticos y tan esperada por los habitantes de Armstrong y la regi\u00f3n.<\/p>\n","protected":false},"excerpt":{"rendered":"<p>En la tarde del d\u00eda jueves 18 de mayo, el intendente Dr. Pablo Verdecchia junto al Asesor Legal y T\u00e9cnico de la Pcia. \u00a0Claudio Recanatesi y el Pte del Concejo Deliberante Adrian \u00a0Marozzi, \u00a0estuvieron recorriendo el obrador de la empresa adjudicataria de la repavimentaci\u00f3n de la Ruta 15, entre Armstrong- Cruz Alta abarcando un tramo <a href=\"https:\/\/armstrongyregion.com.ar\/diario\/se-intensifica-el-trabajo-vial-por-la-reparacion-de-la-ruta-15\/\" title=\"Read more\" >&#8230;<\/a><\/p>\n","protected":false},"author":1,"featured_media":12992,"comment_status":"open","ping_status":"open","sticky":false,"template":"","format":"standard","meta":{"_jetpack_memberships_contains_paid_content":false,"footnotes":"","jetpack_publicize_message":"","jetpack_publicize_feature_enabled":true,"jetpack_social_post_already_shared":false,"jetpack_social_options":{"image_generator_settings":{"template":"highway","default_image_id":0,"enabled":false},"version":2}},"categories":[8,1,2,7,3],"tags":[20,388,5450,13],"class_list":["post-12991","post","type-post","status-publish","format-standard","has-post-thumbnail","hentry","category-deliberando","category-diario-armstrong","category-locales","category-politica","category-region","tag-armstrong","tag-region-2","tag-se-intensifica-el-trabajo-vial-por-la-reparacion-de-la-ruta-15","tag-y"],"jetpack_publicize_connections":[],"jetpack_featured_media_url":"https:\/\/armstrongyregion.com.ar\/diario\/wp-content\/uploads\/2017\/05\/Ruta-15.jpg","jetpack_shortlink":"https:\/\/wp.me\/p62QDO-3nx","jetpack_sharing_enabled":true,"amp_enabled":true,"_links":{"self":[{"href":"https:\/\/armstrongyregion.com.ar\/diario\/wp-json\/wp\/v2\/posts\/12991","targetHints":{"allow":["GET"]}}],"collection":[{"href":"https:\/\/armstrongyregion.com.ar\/diario\/wp-json\/wp\/v2\/posts"}],"about":[{"href":"https:\/\/armstrongyregion.com.ar\/diario\/wp-json\/wp\/v2\/types\/post"}],"author":[{"embeddable":true,"href":"https:\/\/armstrongyregion.com.ar\/diario\/wp-json\/wp\/v2\/users\/1"}],"replies":[{"embeddable":true,"href":"https:\/\/armstrongyregion.com.ar\/diario\/wp-json\/wp\/v2\/comments?post=12991"}],"version-history":[{"count":0,"href":"https:\/\/armstrongyregion.com.ar\/diario\/wp-json\/wp\/v2\/posts\/12991\/revisions"}],"wp:featuredmedia":[{"embeddable":true,"href":"https:\/\/armstrongyregion.com.ar\/diario\/wp-json\/wp\/v2\/media\/12992"}],"wp:attachment":[{"href":"https:\/\/armstrongyregion.com.ar\/diario\/wp-json\/wp\/v2\/media?parent=12991"}],"wp:term":[{"taxonomy":"category","embeddable":true,"href":"https:\/\/armstrongyregion.com.ar\/diario\/wp-json\/wp\/v2\/categories?post=12991"},{"taxonomy":"post_tag","embeddable":true,"href":"https:\/\/armstrongyregion.com.ar\/diario\/wp-json\/wp\/v2\/tags?post=12991"}],"curies":[{"name":"wp","href":"https:\/\/api.w.org\/{rel}","templated":true}]}}