{"id":12988,"date":"2017-05-18T22:50:04","date_gmt":"2017-05-18T22:50:04","guid":{"rendered":"https:\/\/armstrongyregion.com.ar\/diario\/?p=12988"},"modified":"2017-05-18T22:50:04","modified_gmt":"2017-05-18T22:50:04","slug":"solis-cada-fabrica-que-cierra-es-un-golpe-duro-para-el-trabajador-y-la-economia-local","status":"publish","type":"post","link":"https:\/\/armstrongyregion.com.ar\/diario\/solis-cada-fabrica-que-cierra-es-un-golpe-duro-para-el-trabajador-y-la-economia-local\/","title":{"rendered":"Solis: \u00abCada f\u00e1brica que cierra es un golpe duro para el trabajador y la econom\u00eda local\u201d"},"content":{"rendered":"<p><a href=\"http:\/\/armstrongyregion.com.ar\/diario\/wp-content\/uploads\/2017\/05\/solis-.jpg\"><img loading=\"lazy\" decoding=\"async\" class=\"alignnone size-medium wp-image-12989\" src=\"http:\/\/armstrongyregion.com.ar\/diario\/wp-content\/uploads\/2017\/05\/solis--300x225.jpg\" alt=\"solis-\" width=\"300\" height=\"225\" srcset=\"https:\/\/armstrongyregion.com.ar\/diario\/wp-content\/uploads\/2017\/05\/solis--300x225.jpg 300w, https:\/\/armstrongyregion.com.ar\/diario\/wp-content\/uploads\/2017\/05\/solis-.jpg 768w\" sizes=\"auto, (max-width: 300px) 100vw, 300px\" \/><\/a>El Diputado Provincial Miguel Solis(PS-FPCyS) mantuvo un encuentro con trabajadores de Agrana Fruit S.A., empresa radicada en la ciudad de Coronda dedicada a la elaboraci\u00f3n de pulpa de frutas y que atraviesa un proceso de reconversi\u00f3n.<\/p>\n<p>La firma de capitales austriacos tendr\u00eda proyectado cerrar la planta procesadora y solo mantendr\u00eda una plantilla m\u00ednima de trabajadores, y se trasladar\u00eda a la ciudad de Bella Vista, Corrientes, donde continuar\u00eda produciendo en instalaciones fabriles adquiridas \u00faltimamente.<\/p>\n<p>Este proceso de reconversi\u00f3n, sin compromiso social, afectar\u00eda alrededor de 60 trabajadores directos y 200 empleos temporarios en \u00e9pocas de cosecha de la frutilla,\u00a0generando\u00a0en la ciudad santafesina de 20.000 habitantes\u00a0un alto impacto negativo en t\u00e9rminos\u00a0sociecon\u00f3micos.<\/p>\n<p><em>\u201cCada fabrica que cierra es un golpe duro para la familia trabajadora, y la econom\u00eda de las peque\u00f1as ciudades del interior\u201d,<\/em> expresaba el diputado socialista, acompa\u00f1ado por la Diputada Victoria Tejeda(UCR-FPCyS)). Ambos se comprometieron a impulsar un proyecto de declaraci\u00f3n, buscando instalar en la c\u00e1mara la delicada situaci\u00f3n laboral.<\/p>\n<p>La empresa, los trabajadores y su representaci\u00f3n gremial fueron convocados por el Ministerio de Trabajo para una audiencia, y los legisladores Solis y Tejeda, propiciaron la intervenci\u00f3n del Ministerio de la Producci\u00f3n, \u00a0buscando fundamentalmente preservar los puestos de trabajo.<\/p>\n","protected":false},"excerpt":{"rendered":"<p>El Diputado Provincial Miguel Solis(PS-FPCyS) mantuvo un encuentro con trabajadores de Agrana Fruit S.A., empresa radicada en la ciudad de Coronda dedicada a la elaboraci\u00f3n de pulpa de frutas y que atraviesa un proceso de reconversi\u00f3n. La firma de capitales austriacos tendr\u00eda proyectado cerrar la planta procesadora y solo mantendr\u00eda una plantilla m\u00ednima de trabajadores, <a href=\"https:\/\/armstrongyregion.com.ar\/diario\/solis-cada-fabrica-que-cierra-es-un-golpe-duro-para-el-trabajador-y-la-economia-local\/\" title=\"Read more\" >&#8230;<\/a><\/p>\n","protected":false},"author":1,"featured_media":12989,"comment_status":"open","ping_status":"open","sticky":false,"template":"","format":"standard","meta":{"_jetpack_memberships_contains_paid_content":false,"footnotes":"","jetpack_publicize_message":"","jetpack_publicize_feature_enabled":true,"jetpack_social_post_already_shared":false,"jetpack_social_options":{"image_generator_settings":{"template":"highway","default_image_id":0,"enabled":false},"version":2}},"categories":[8,1,2,7,3],"tags":[5449],"class_list":["post-12988","post","type-post","status-publish","format-standard","has-post-thumbnail","hentry","category-deliberando","category-diario-armstrong","category-locales","category-politica","category-region","tag-solis-cada-fabrica-que-cierra-es-un-golpe-duro-para-el-trabajador-y-la-economia-local"],"jetpack_publicize_connections":[],"jetpack_featured_media_url":"https:\/\/armstrongyregion.com.ar\/diario\/wp-content\/uploads\/2017\/05\/solis-.jpg","jetpack_shortlink":"https:\/\/wp.me\/p62QDO-3nu","jetpack_sharing_enabled":true,"amp_enabled":true,"_links":{"self":[{"href":"https:\/\/armstrongyregion.com.ar\/diario\/wp-json\/wp\/v2\/posts\/12988","targetHints":{"allow":["GET"]}}],"collection":[{"href":"https:\/\/armstrongyregion.com.ar\/diario\/wp-json\/wp\/v2\/posts"}],"about":[{"href":"https:\/\/armstrongyregion.com.ar\/diario\/wp-json\/wp\/v2\/types\/post"}],"author":[{"embeddable":true,"href":"https:\/\/armstrongyregion.com.ar\/diario\/wp-json\/wp\/v2\/users\/1"}],"replies":[{"embeddable":true,"href":"https:\/\/armstrongyregion.com.ar\/diario\/wp-json\/wp\/v2\/comments?post=12988"}],"version-history":[{"count":0,"href":"https:\/\/armstrongyregion.com.ar\/diario\/wp-json\/wp\/v2\/posts\/12988\/revisions"}],"wp:featuredmedia":[{"embeddable":true,"href":"https:\/\/armstrongyregion.com.ar\/diario\/wp-json\/wp\/v2\/media\/12989"}],"wp:attachment":[{"href":"https:\/\/armstrongyregion.com.ar\/diario\/wp-json\/wp\/v2\/media?parent=12988"}],"wp:term":[{"taxonomy":"category","embeddable":true,"href":"https:\/\/armstrongyregion.com.ar\/diario\/wp-json\/wp\/v2\/categories?post=12988"},{"taxonomy":"post_tag","embeddable":true,"href":"https:\/\/armstrongyregion.com.ar\/diario\/wp-json\/wp\/v2\/tags?post=12988"}],"curies":[{"name":"wp","href":"https:\/\/api.w.org\/{rel}","templated":true}]}}