{"id":12981,"date":"2017-05-18T22:00:43","date_gmt":"2017-05-18T22:00:43","guid":{"rendered":"https:\/\/armstrongyregion.com.ar\/diario\/?p=12981"},"modified":"2017-05-18T22:00:43","modified_gmt":"2017-05-18T22:00:43","slug":"marozzi-alquilando-maquinaria-podriamos-acelerar-los-trabajos-en-la-ciudad-y-zona-rural","status":"publish","type":"post","link":"https:\/\/armstrongyregion.com.ar\/diario\/marozzi-alquilando-maquinaria-podriamos-acelerar-los-trabajos-en-la-ciudad-y-zona-rural\/","title":{"rendered":"Marozzi: \u201cAlquilando maquinaria podr\u00edamos acelerar los trabajos en la ciudad y zona rural\u201d."},"content":{"rendered":"<p><a href=\"http:\/\/armstrongyregion.com.ar\/diario\/wp-content\/uploads\/2017\/05\/Marozzi-Armstrong-y-Region-.jpg\"><img loading=\"lazy\" decoding=\"async\" class=\"alignnone size-medium wp-image-12983\" src=\"http:\/\/armstrongyregion.com.ar\/diario\/wp-content\/uploads\/2017\/05\/Marozzi-Armstrong-y-Region--300x220.jpg\" alt=\"Marozzi-Armstrong-y-Region-\" width=\"300\" height=\"220\" srcset=\"https:\/\/armstrongyregion.com.ar\/diario\/wp-content\/uploads\/2017\/05\/Marozzi-Armstrong-y-Region--300x220.jpg 300w, https:\/\/armstrongyregion.com.ar\/diario\/wp-content\/uploads\/2017\/05\/Marozzi-Armstrong-y-Region-.jpg 920w\" sizes=\"auto, (max-width: 300px) 100vw, 300px\" \/><\/a>El Pte del concejo deliberante al t\u00e9rmino de la \u00faltima sesi\u00f3n del martes expres\u00f3: \u201cEl tema de mayor trascendencia en la noche de hoy es que hayamos adherido a la ordenanza para aprobar el estatuto del consorcio regional \u00a0Grisu, \u00a0uno cree que la conformaci\u00f3n de este consorcio y la b\u00fasqueda de un relleno sanitario es el camino que el municipio debe andar para tratar de solucionar en gran parte el tratamiento de basura\u201d.<\/p>\n<p>Tambi\u00e9n agreg\u00f3: \u201cEsta semana presentamos desde nuestro bloque al ejecutivo que vea la posibilidad de alquilar otra motoniveladora, si bien vemos que hay muchos reclamos en cuanto al estado de calles dentro de la zona urbana y los caminos rurales, sumado a las inclemencias clim\u00e1ticas que impiden la pronta restauraci\u00f3n de las mismas. Consideramos que se podr\u00eda alquilar con estos fondos que el ejecutivo ha recibido de naci\u00f3n hasta que llegue la maquinaria que se ha adquirido con el proyecto Equipar de la provincia y que viene demorado ya tendr\u00eda que haber estado en la localidad pero todav\u00eda no llego\u00bb.<\/p>\n<p>Siguiendo la misma l\u00ednea de discurso agreg\u00f3: \u00abSugerimos que los trabajos comiencen tanto en zona urbana como en la zona rural as\u00ed se acelerar\u00eda la reparaci\u00f3n y se le dar\u00eda una pronta \u00a0soluci\u00f3n esta problem\u00e1tica\u201d.<\/p>\n","protected":false},"excerpt":{"rendered":"<p>El Pte del concejo deliberante al t\u00e9rmino de la \u00faltima sesi\u00f3n del martes expres\u00f3: \u201cEl tema de mayor trascendencia en la noche de hoy es que hayamos adherido a la ordenanza para aprobar el estatuto del consorcio regional \u00a0Grisu, \u00a0uno cree que la conformaci\u00f3n de este consorcio y la b\u00fasqueda de un relleno sanitario es <a href=\"https:\/\/armstrongyregion.com.ar\/diario\/marozzi-alquilando-maquinaria-podriamos-acelerar-los-trabajos-en-la-ciudad-y-zona-rural\/\" title=\"Read more\" >&#8230;<\/a><\/p>\n","protected":false},"author":1,"featured_media":12983,"comment_status":"open","ping_status":"open","sticky":false,"template":"","format":"standard","meta":{"_jetpack_memberships_contains_paid_content":false,"footnotes":"","jetpack_publicize_message":"","jetpack_publicize_feature_enabled":true,"jetpack_social_post_already_shared":false,"jetpack_social_options":{"image_generator_settings":{"template":"highway","default_image_id":0,"enabled":false},"version":2}},"categories":[8,1,2],"tags":[5447],"class_list":["post-12981","post","type-post","status-publish","format-standard","has-post-thumbnail","hentry","category-deliberando","category-diario-armstrong","category-locales","tag-marozzi-alquilando-maquinaria-podriamos-acelerar-los-trabajos-en-la-ciudad-y-zona-rural"],"jetpack_publicize_connections":[],"jetpack_featured_media_url":"https:\/\/armstrongyregion.com.ar\/diario\/wp-content\/uploads\/2017\/05\/Marozzi-Armstrong-y-Region-.jpg","jetpack_shortlink":"https:\/\/wp.me\/p62QDO-3nn","jetpack_sharing_enabled":true,"amp_enabled":true,"_links":{"self":[{"href":"https:\/\/armstrongyregion.com.ar\/diario\/wp-json\/wp\/v2\/posts\/12981","targetHints":{"allow":["GET"]}}],"collection":[{"href":"https:\/\/armstrongyregion.com.ar\/diario\/wp-json\/wp\/v2\/posts"}],"about":[{"href":"https:\/\/armstrongyregion.com.ar\/diario\/wp-json\/wp\/v2\/types\/post"}],"author":[{"embeddable":true,"href":"https:\/\/armstrongyregion.com.ar\/diario\/wp-json\/wp\/v2\/users\/1"}],"replies":[{"embeddable":true,"href":"https:\/\/armstrongyregion.com.ar\/diario\/wp-json\/wp\/v2\/comments?post=12981"}],"version-history":[{"count":0,"href":"https:\/\/armstrongyregion.com.ar\/diario\/wp-json\/wp\/v2\/posts\/12981\/revisions"}],"wp:featuredmedia":[{"embeddable":true,"href":"https:\/\/armstrongyregion.com.ar\/diario\/wp-json\/wp\/v2\/media\/12983"}],"wp:attachment":[{"href":"https:\/\/armstrongyregion.com.ar\/diario\/wp-json\/wp\/v2\/media?parent=12981"}],"wp:term":[{"taxonomy":"category","embeddable":true,"href":"https:\/\/armstrongyregion.com.ar\/diario\/wp-json\/wp\/v2\/categories?post=12981"},{"taxonomy":"post_tag","embeddable":true,"href":"https:\/\/armstrongyregion.com.ar\/diario\/wp-json\/wp\/v2\/tags?post=12981"}],"curies":[{"name":"wp","href":"https:\/\/api.w.org\/{rel}","templated":true}]}}