{"id":12970,"date":"2017-05-18T11:34:18","date_gmt":"2017-05-18T11:34:18","guid":{"rendered":"https:\/\/armstrongyregion.com.ar\/diario\/?p=12970"},"modified":"2017-05-18T11:34:18","modified_gmt":"2017-05-18T11:34:18","slug":"la-provincia-entrego-dictamentes-de-planes-de-mejora-a-34-escuelas-tecnicas-de-la-provincia","status":"publish","type":"post","link":"https:\/\/armstrongyregion.com.ar\/diario\/la-provincia-entrego-dictamentes-de-planes-de-mejora-a-34-escuelas-tecnicas-de-la-provincia\/","title":{"rendered":"La provincia entreg\u00f3 dict\u00e1mentes de Planes de Mejora a 34 escuelas t\u00e9cnicas de la provincia."},"content":{"rendered":"<p><a href=\"http:\/\/armstrongyregion.com.ar\/diario\/wp-content\/uploads\/2017\/05\/tecnicas-.jpg\"><img loading=\"lazy\" decoding=\"async\" class=\"alignnone size-medium wp-image-12971\" src=\"http:\/\/armstrongyregion.com.ar\/diario\/wp-content\/uploads\/2017\/05\/tecnicas--300x168.jpg\" alt=\"tecnicas\" width=\"300\" height=\"168\" srcset=\"https:\/\/armstrongyregion.com.ar\/diario\/wp-content\/uploads\/2017\/05\/tecnicas--300x168.jpg 300w, https:\/\/armstrongyregion.com.ar\/diario\/wp-content\/uploads\/2017\/05\/tecnicas-.jpg 768w\" sizes=\"auto, (max-width: 300px) 100vw, 300px\" \/><\/a>El acto, realizado este mi\u00e9rcoles en la ciudad de Santa Fe, fue encabezado por la ministra Balagu\u00e9. La inversi\u00f3n total supera las 12 millones y medio de pesos.<\/p>\n<p>La ministra de Educaci\u00f3n de la provincia, Claudia Balagu\u00e9, presidi\u00f3 este mi\u00e9rcoles el acto de entrega de los dict\u00e1menes de los Planes de Mejora a establecimientos educativos, que corresponden a fondos del Instituto Nacional de Educaci\u00f3n T\u00e9cnol\u00f3gica (INET). La entrega se llev\u00f3 a cabo en la sede de la Escuela de Educaci\u00f3n T\u00e9cnico Profesional N\u00b0 601 \u201cLeandro Alem\u201d, de la ciudad de Santa Fe.<\/p>\n<p>El monto total de los Planes de Mejora para las 34 escuelas es de $ 12.661.800. Los establecimientos educativos utilizar\u00e1n los fondos para la adquisici\u00f3n de herramientas, insumos, maquinarias, elementos de seguridad, muebles, ampliaci\u00f3n o refacci\u00f3n de talleres.<\/p>\n<p>Balagu\u00e9 indic\u00f3 que al comienzo de su gesti\u00f3n \u201cya pens\u00e1bamos en c\u00f3mo abordar los Planes de Mejora de manera colectiva, con acompa\u00f1amiento a las escuelas y a los directores para que puedan utilizar integralmente estas posibilidades financieras destinadas a contar con infraestructura, equipamiento y a mejorar los entornos formativos de las escuelas t\u00e9cnicas\u201d.<\/p>\n<p>La ministra destac\u00f3 la ventaja que significa que los estudiantes accedan a equipamiento de \u00faltima generaci\u00f3n. \u201cLos chicos pueden hacer pr\u00e1cticas en los talleres muy concretas y vinculadas a lo que van a encontrar luego en las industrias; y que ya tengan este trayecto formativo desde la escuela es sumamente importante\u201d.<\/p>\n<p>\u201cCreo que hemos evolucionado much\u00edsimo porque no solo que hay m\u00e1s Planes de Mejora sino que tambi\u00e9n hemos fortalecido la formaci\u00f3n de los docentes. Esto, junto a otras acciones, como las pr\u00e1cticas profesionalizantes y las carreras en los Parques Industriales, son ejemplos a nivel nacional. Estamos convencidos de que si los j\u00f3venes se capacitan adecuadamente y se vinculan al entorno productivo de su regi\u00f3n, pueden quedarse all\u00ed a fortalecerlo\u201d, concluy\u00f3.<\/p>\n<p><strong>ESCUELAS BENEFICIADAS<\/strong><br \/>\nEscuela de Educaci\u00f3n T\u00e9cnico Profesional (EETP) N\u00b0 491, de Soledad; EETP N\u00b0 625 \u201cCarlos Guido y Spano\u201d, Rosario; EETP N\u00b0 463 \u201cGregoria Matorras de San Mart\u00edn\u201d, Rosario; EETP N\u00b0 565, Humberto Primo; EETP N\u00b0 377, Colonia Masc\u00edas; EETP N\u00b0 670 \u201cGeneral Antonio Gonz\u00e1lez Balcarce\u201d, G\u00e1lvez; EETP N\u00b0 285 \u201cDomingo Crespo\u201d, Vera; EETP N\u00b0 674 \u201cFrancisca de Ibarrola\u201d, San Genaro; EETP N\u00b0 634 \u201cYapey\u00fa\u201d, Reconquista; EETP N\u00b0 324 \u201cLos Constituyentes\u201d, Monte Vera; EETP N\u00b0 480 \u201cManuel Belgrano\u201d, Santa Fe; EETP N\u00b0 477 \u201cCombate de San Lorenzo\u201d, San Lorenzo; EETP N\u00b0 452, Ca\u00f1ada de G\u00f3mez; EETP N\u00b0 283, Casilda; EETP N\u00b0 293 \u201cPosta de San Lorenzo\u201d, Capit\u00e1n Berm\u00fadez; EETP N\u00b0 288 \u201cDoctor Osvaldo Magnasco\u201d, Rosario; EETP Particular Incorporada N\u00b0 8216 \u201cCentro de Formaci\u00f3n Rural Alfredo Rueda\u201d, Santa Teresa; EETP N\u00b0 383 \u201cDr. Julio Maiztegui\u201d, Ricardone; EETP N\u00b0 295 \u201cGeneral Manuel Obligado\u201d, La Potasa; EETP N\u00b0 680 \u201cDr. Mariano Moreno\u201d, Villa Gobernador G\u00e1lvez; EETP N\u00b0 370, Cayast\u00e1; EETP N\u00b0 466 \u201cGeneral Manuel N. Savio\u201d, Rosario; EETP N\u00b0 601 \u201cLeandro N. Alem\u201d, Santa Fe; EETP N\u00b0 289 \u201cBernardino Rivadavia\u201d, Cha\u00f1ear Ladeado; Centro de Capacitaci\u00f3n Laboral N\u00b0 6617, Carcara\u00f1\u00e1; Centro de Capacitaci\u00f3n Laboral N\u00b0 6607, San Jorge; Centro de Capacitaci\u00f3n Laboral N\u00b0 6695, Rold\u00e1n; Centro de Formaci\u00f3n Profesional N\u00b0 2, Rosario; Centro de Capacitaci\u00f3n Laboral N\u00b0 6697, Rosario; EETP N\u00b0 277 \u201cFray Francisco Casta\u00f1eda\u201d, San Justo; EETP N\u00b0 619 \u201cPresb\u00edtero Luis Spont\u00f3n\u201d, Villa Ocampo; EETP N\u00b0 284 \u201cFlori\u00e1n Paucke\u201d, San Javier; Centro de Capacitaci\u00f3n Laboral N\u00b0 111, Las Parejas; EETP N\u00b0 453 \u201cBrigadier Estanislao L\u00f3pez\u201d, Ceres.<\/p>\n<p><strong>PLAN DE MEJORA<\/strong><br \/>\nSon herramientas de planificaci\u00f3n de las pol\u00edticas educativas en pos de la mejora continua de la calidad de la Educaci\u00f3n T\u00e9cnico Profesional. Seg\u00fan los objetivos que persiga el Plan de Mejora, su formulaci\u00f3n ser\u00e1 del orden Institucional, Jurisdiccional o Federal.<\/p>\n<p><strong>PRESENTES<\/strong><br \/>\nTambi\u00e9n estuvieron el director provincial de Educaci\u00f3n T\u00e9cnica, Pablo Vozza; la directora provincial de Gesti\u00f3n Financiera y Presupuestaria, Emilse Yafar; el delegado de la Regi\u00f3n IV de Educaci\u00f3n, Juan Cruz Gim\u00e9nez; la coordinadora de Formaci\u00f3n Profesional, Viviana C\u00f3rdoba; y el director de la EETP N\u00b0 601, Oscar Fornero, junto a directores y docentes provenientes de distintos puntos de la provincia que recibieron los dict\u00e1menes de los Planes de Mejora.<\/p>\n","protected":false},"excerpt":{"rendered":"<p>El acto, realizado este mi\u00e9rcoles en la ciudad de Santa Fe, fue encabezado por la ministra Balagu\u00e9. La inversi\u00f3n total supera las 12 millones y medio de pesos. La ministra de Educaci\u00f3n de la provincia, Claudia Balagu\u00e9, presidi\u00f3 este mi\u00e9rcoles el acto de entrega de los dict\u00e1menes de los Planes de Mejora a establecimientos educativos, <a href=\"https:\/\/armstrongyregion.com.ar\/diario\/la-provincia-entrego-dictamentes-de-planes-de-mejora-a-34-escuelas-tecnicas-de-la-provincia\/\" title=\"Read more\" >&#8230;<\/a><\/p>\n","protected":false},"author":1,"featured_media":12971,"comment_status":"open","ping_status":"open","sticky":false,"template":"","format":"standard","meta":{"_jetpack_memberships_contains_paid_content":false,"footnotes":"","jetpack_publicize_message":"","jetpack_publicize_feature_enabled":true,"jetpack_social_post_already_shared":false,"jetpack_social_options":{"image_generator_settings":{"template":"highway","default_image_id":0,"enabled":false},"version":2}},"categories":[6,1,2,7,3],"tags":[5443],"class_list":["post-12970","post","type-post","status-publish","format-standard","has-post-thumbnail","hentry","category-cultura-entretenimiento","category-diario-armstrong","category-locales","category-politica","category-region","tag-la-provincia-entrego-dictamentes-de-planes-de-mejora-a-34-escuelas-tecnicas-de-la-provincia"],"jetpack_publicize_connections":[],"jetpack_featured_media_url":"https:\/\/armstrongyregion.com.ar\/diario\/wp-content\/uploads\/2017\/05\/tecnicas-.jpg","jetpack_shortlink":"https:\/\/wp.me\/p62QDO-3nc","jetpack_sharing_enabled":true,"amp_enabled":true,"_links":{"self":[{"href":"https:\/\/armstrongyregion.com.ar\/diario\/wp-json\/wp\/v2\/posts\/12970","targetHints":{"allow":["GET"]}}],"collection":[{"href":"https:\/\/armstrongyregion.com.ar\/diario\/wp-json\/wp\/v2\/posts"}],"about":[{"href":"https:\/\/armstrongyregion.com.ar\/diario\/wp-json\/wp\/v2\/types\/post"}],"author":[{"embeddable":true,"href":"https:\/\/armstrongyregion.com.ar\/diario\/wp-json\/wp\/v2\/users\/1"}],"replies":[{"embeddable":true,"href":"https:\/\/armstrongyregion.com.ar\/diario\/wp-json\/wp\/v2\/comments?post=12970"}],"version-history":[{"count":0,"href":"https:\/\/armstrongyregion.com.ar\/diario\/wp-json\/wp\/v2\/posts\/12970\/revisions"}],"wp:featuredmedia":[{"embeddable":true,"href":"https:\/\/armstrongyregion.com.ar\/diario\/wp-json\/wp\/v2\/media\/12971"}],"wp:attachment":[{"href":"https:\/\/armstrongyregion.com.ar\/diario\/wp-json\/wp\/v2\/media?parent=12970"}],"wp:term":[{"taxonomy":"category","embeddable":true,"href":"https:\/\/armstrongyregion.com.ar\/diario\/wp-json\/wp\/v2\/categories?post=12970"},{"taxonomy":"post_tag","embeddable":true,"href":"https:\/\/armstrongyregion.com.ar\/diario\/wp-json\/wp\/v2\/tags?post=12970"}],"curies":[{"name":"wp","href":"https:\/\/api.w.org\/{rel}","templated":true}]}}