{"id":12938,"date":"2017-05-15T14:23:04","date_gmt":"2017-05-15T14:23:04","guid":{"rendered":"https:\/\/armstrongyregion.com.ar\/diario\/?p=12938"},"modified":"2017-05-15T14:23:04","modified_gmt":"2017-05-15T14:23:04","slug":"junior-vuelve-a-la-biblioteca-popular-sarmiento","status":"publish","type":"post","link":"https:\/\/armstrongyregion.com.ar\/diario\/junior-vuelve-a-la-biblioteca-popular-sarmiento\/","title":{"rendered":"Junior vuelve a la Biblioteca Popular Sarmiento."},"content":{"rendered":"<div class=\"_2cuy _3dgx _2vxa\"><a href=\"http:\/\/armstrongyregion.com.ar\/diario\/wp-content\/uploads\/2017\/05\/Comic-digital-664x374.jpg\"><img loading=\"lazy\" decoding=\"async\" class=\"alignnone size-medium wp-image-12939\" src=\"http:\/\/armstrongyregion.com.ar\/diario\/wp-content\/uploads\/2017\/05\/Comic-digital-664x374-300x169.jpg\" alt=\"Comic-digital-664x374\" width=\"300\" height=\"169\" srcset=\"https:\/\/armstrongyregion.com.ar\/diario\/wp-content\/uploads\/2017\/05\/Comic-digital-664x374-300x169.jpg 300w, https:\/\/armstrongyregion.com.ar\/diario\/wp-content\/uploads\/2017\/05\/Comic-digital-664x374.jpg 768w\" sizes=\"auto, (max-width: 300px) 100vw, 300px\" \/><\/a>El talentoso ilustrador, caricaturista, historietista y humorista gr\u00e1fico viene desde C\u00f3rdoba a compartir actividades geniales que no pod\u00e9s perderte.<\/div>\n<div class=\"_2cuy _3dgx _2vxa\">\uf0fc Taller de historieta.<\/div>\n<div class=\"_2cuy _3dgx _2vxa\">(conceptos b\u00e1sicos, caracter\u00edsticas, onomatopeyas, etc)<\/div>\n<div class=\"_2cuy _3dgx _2vxa\">Jueves 18 a las 19 hs. y Viernes 19 a las 10 hs.<\/div>\n<div class=\"_2cuy _3dgx _2vxa\">\uf0fc Muestra Itinerante \u201cEl fascinante mundo de la Historieta\u201d de Banda Dibujada. Jueves 18, a partir de las 16 hs. Entrada Libre y Gratuita.<\/div>\n<div class=\"_2cuy _3dgx _2vxa\">\uf0fc Charla motivadora \u00abEl guerrero inquieto\u00bb<\/div>\n<div class=\"_2cuy _3dgx _2vxa\">Nos cuenta sobre su trabajo, los desaf\u00edos, dificultades y logros. . El viernes 19 a las 19.30 hs. en el Sal\u00f3n Municipal \u201cDelmo Dar\u00f3\u201d. Entrada libre y gratuita<\/div>\n<div class=\"_2cuy _3dgx _2vxa\">Para mayor informaci\u00f3n, comunicate al 490452.<\/div>\n<div class=\"_2cuy _3dgx _2vxa\"><\/div>\n<figure class=\"_2cuy _4nuy _2vxa _3tvj\">\n<div class=\"_h2x _4lh3\"><img decoding=\"async\" id=\"u_n_2\" class=\"_h2z _297z _4lh5 img\" src=\"https:\/\/scontent.faep1-1.fna.fbcdn.net\/v\/t1.0-9\/18425275_433395370355383_3542776604578263174_n.jpg?oh=9bfa8ee965e85a94b1e324ad4e7c93c7&amp;oe=597DB2DC\" alt=\"\" \/><\/div>\n<\/figure>\n<div class=\"_2cuy _3dgx _2vxa\">Junior , es el seud\u00f3nimo de Fernando Le\u00f3n Gonz\u00e1lez\u2014 naci\u00f3 en la ciudad de C\u00f3rdoba, Argentina, en 1967. Es ilustrador, caricaturista, historietista y humorista gr\u00e1fico. Lleva adelante una profunda militancia en pos de la difusi\u00f3n de la historieta infantil en su ciudad natal, tanto a trav\u00e9s de sus obras como de su actividad docente, ya que posee una escuela de dibujo con su nombre. Es miembro fundador de <a href=\"https:\/\/l.facebook.com\/l.php?u=http%3A%2F%2Fwww.imaginaria.com.ar%2F15%2F0%2Fbanda-dibujada.htm&amp;h=ATMpVYwpjLdU45gsqCqNVQLo8Bjr2ZhN9pHFkzMRToR8QlPUkPLp5GAkXIOxtWdQe3F1OixwPgqM4RA8bpo_f2xYx4cMAa7-TAfdCB__Y-sEkP-IPUtyyaowMMKrI68mRJlyfox23A&amp;s=1\" target=\"_blank\" rel=\"nofollow noopener\">Banda Dibujada<\/a> (movimiento cultural para la difusi\u00f3n de la historieta infantil) y coordinador de la secci\u00f3n regional de ese movimiento cultural.<\/div>\n<div class=\"_2cuy _3dgx _2vxa\">Junior trabaj\u00f3 para <span class=\"_4yxp\">Humor con Voz<\/span> (suplemento humor\u00edstico del diario <span class=\"_4yxp\">La Voz del Interior<\/span>), y tambi\u00e9n para las revistas <span class=\"_4yxp\">Hortensia<\/span>, <span class=\"_4yxp\">Comiqueando<\/span>, <span class=\"_4yxp\">Hola T\u00edo<\/span>, <span class=\"_4yxp\">Jaspirina<\/span>, entre otras.<\/div>\n<div class=\"_2cuy _3dgx _2vxa\">En los 90 funda con cuatro amigos la revista Aspid,revista de historietas ganadora de La Palma real en Cuba. Publica su primera novela gr\u00e1fica Control Remoto.<\/div>\n<div class=\"_2cuy _3dgx _2vxa\">Trabaj\u00f3 para los diarios D\u00eda a D\u00eda y La Ma\u00f1ana de C\u00f3rdoba.<\/div>\n<div class=\"_2cuy _3dgx _2vxa\">Cre\u00f3 a <span class=\"_4yxp\">Glippy y los cordobesitos<\/span>, historieta infantil protagonizada por un gliptodonte ni\u00f1o oriundo de C\u00f3rdoba. Este comic apareci\u00f3 por ocho a\u00f1os en <span class=\"_4yxp\">Chicos.cor<\/span>, el suplemento infantil dominical de <span class=\"_4yxp\">La Voz del Interior<\/span>. Tiempo despu\u00e9s \u201cGlippy\u201d tuvo su merecido libro compilatorio: <span class=\"_4yxp\">Glippy y sus amigos<\/span>, dentro de la colecci\u00f3n <a href=\"https:\/\/l.facebook.com\/l.php?u=http%3A%2F%2Fwww.imaginaria.com.ar%2F%3Fp%3D269&amp;h=ATNnJR_928EhI3nbCtAP8nwhC5FprXjOCEOZOwR8YX4p0A-FTIul9SdlUISb4qIOdsZUT907YHi8dLdFDsWSzQ7aA4LZZBqxZLoSJCsN5HCGhOBu-N9JK2URSoYAx3EkxuZnxLcAvQ&amp;s=1\" target=\"_blank\" rel=\"nofollow noopener\">Aventuras Dibujadas<\/a>, de Domus Editora.<\/div>\n<div class=\"_2cuy _3dgx _2vxa\">En los \u00faltimos a\u00f1os, Junior dedic\u00f3 gran parte de su tiempo a la producci\u00f3n de trabajos encargados desde el exterior, destac\u00e1ndose como dibujante de las historietas de <span class=\"_4yxp\">Las Tortugas Ninja<\/span>, entre otros.<\/div>\n<div class=\"_2cuy _3dgx _2vxa\">Junior ha terminado de escribir dos novelas gr\u00e1ficas infantiles y trabaja dibujando comics para Oni Press (USA) y para Inception Strategies (Australia).<\/div>\n<div class=\"_2cuy _3dgx _2vxa\">Entre sus obras recientes est\u00e1 CIUDAD, una novela gr\u00e1fica estadounidense dibujada por \u00e9l y escrita por los hermanos Russo (directores de Capitan Am\u00e9rica y Los Vengadores) y el prestigioso guionista Ande Parks. Novela gr\u00e1fica que ser\u00e1 llevada al cine con la producci\u00f3n de Sony Pictures.<\/div>\n<div class=\"_2cuy _3dgx _2vxa\">Tambi\u00e9n acaba de publicar un comic con dibujos y gui\u00f3n propio en la m\u00edtica revista de historietas estadounidense HEAVY METAL.<\/div>\n<div class=\"_2cuy _3dgx _2vxa\">Hoy JUNIOR fue elegido por un editor ingl\u00e9s para hacer las portadas de un comic que parodia a los superh\u00e9roes llamado SUPERMANSI\u00d3N.<\/div>\n","protected":false},"excerpt":{"rendered":"<p>El talentoso ilustrador, caricaturista, historietista y humorista gr\u00e1fico viene desde C\u00f3rdoba a compartir actividades geniales que no pod\u00e9s perderte. \uf0fc Taller de historieta. (conceptos b\u00e1sicos, caracter\u00edsticas, onomatopeyas, etc) Jueves 18 a las 19 hs. y Viernes 19 a las 10 hs. \uf0fc Muestra Itinerante \u201cEl fascinante mundo de la Historieta\u201d de Banda Dibujada. Jueves 18, <a href=\"https:\/\/armstrongyregion.com.ar\/diario\/junior-vuelve-a-la-biblioteca-popular-sarmiento\/\" title=\"Read more\" >&#8230;<\/a><\/p>\n","protected":false},"author":1,"featured_media":12939,"comment_status":"open","ping_status":"open","sticky":false,"template":"","format":"standard","meta":{"_jetpack_memberships_contains_paid_content":false,"footnotes":"","jetpack_publicize_message":"","jetpack_publicize_feature_enabled":true,"jetpack_social_post_already_shared":false,"jetpack_social_options":{"image_generator_settings":{"template":"highway","default_image_id":0,"enabled":false},"version":2}},"categories":[6,1,2],"tags":[20,5433,388,13],"class_list":["post-12938","post","type-post","status-publish","format-standard","has-post-thumbnail","hentry","category-cultura-entretenimiento","category-diario-armstrong","category-locales","tag-armstrong","tag-junior-vuelve-a-la-biblioteca-popular-sarmiento","tag-region-2","tag-y"],"jetpack_publicize_connections":[],"jetpack_featured_media_url":"https:\/\/armstrongyregion.com.ar\/diario\/wp-content\/uploads\/2017\/05\/Comic-digital-664x374.jpg","jetpack_shortlink":"https:\/\/wp.me\/p62QDO-3mG","jetpack_sharing_enabled":true,"amp_enabled":true,"_links":{"self":[{"href":"https:\/\/armstrongyregion.com.ar\/diario\/wp-json\/wp\/v2\/posts\/12938","targetHints":{"allow":["GET"]}}],"collection":[{"href":"https:\/\/armstrongyregion.com.ar\/diario\/wp-json\/wp\/v2\/posts"}],"about":[{"href":"https:\/\/armstrongyregion.com.ar\/diario\/wp-json\/wp\/v2\/types\/post"}],"author":[{"embeddable":true,"href":"https:\/\/armstrongyregion.com.ar\/diario\/wp-json\/wp\/v2\/users\/1"}],"replies":[{"embeddable":true,"href":"https:\/\/armstrongyregion.com.ar\/diario\/wp-json\/wp\/v2\/comments?post=12938"}],"version-history":[{"count":0,"href":"https:\/\/armstrongyregion.com.ar\/diario\/wp-json\/wp\/v2\/posts\/12938\/revisions"}],"wp:featuredmedia":[{"embeddable":true,"href":"https:\/\/armstrongyregion.com.ar\/diario\/wp-json\/wp\/v2\/media\/12939"}],"wp:attachment":[{"href":"https:\/\/armstrongyregion.com.ar\/diario\/wp-json\/wp\/v2\/media?parent=12938"}],"wp:term":[{"taxonomy":"category","embeddable":true,"href":"https:\/\/armstrongyregion.com.ar\/diario\/wp-json\/wp\/v2\/categories?post=12938"},{"taxonomy":"post_tag","embeddable":true,"href":"https:\/\/armstrongyregion.com.ar\/diario\/wp-json\/wp\/v2\/tags?post=12938"}],"curies":[{"name":"wp","href":"https:\/\/api.w.org\/{rel}","templated":true}]}}