{"id":1293,"date":"2015-03-14T00:17:37","date_gmt":"2015-03-14T00:17:37","guid":{"rendered":"https:\/\/armstrongyregion.com.ar\/diario\/?p=1293"},"modified":"2015-03-14T00:17:37","modified_gmt":"2015-03-14T00:17:37","slug":"domingo-15-de-marzo-festejos-en-el-bracito-fuerte","status":"publish","type":"post","link":"https:\/\/armstrongyregion.com.ar\/diario\/domingo-15-de-marzo-festejos-en-el-bracito-fuerte\/","title":{"rendered":"Domingo 15 de marzo, festejos en el Bracito Fuerte."},"content":{"rendered":"<p><a href=\"http:\/\/armstrongyregion.com.ar\/diario\/wp-content\/uploads\/2015\/03\/diadelartesano2015.jpg\"><img loading=\"lazy\" decoding=\"async\" class=\"alignnone size-medium wp-image-1294\" src=\"http:\/\/armstrongyregion.com.ar\/diario\/wp-content\/uploads\/2015\/03\/diadelartesano2015-300x211.jpg\" alt=\"diadelartesano2015\" width=\"300\" height=\"211\" srcset=\"https:\/\/armstrongyregion.com.ar\/diario\/wp-content\/uploads\/2015\/03\/diadelartesano2015-300x211.jpg 300w, https:\/\/armstrongyregion.com.ar\/diario\/wp-content\/uploads\/2015\/03\/diadelartesano2015.jpg 710w\" sizes=\"auto, (max-width: 300px) 100vw, 300px\" \/><\/a>La Municipalidad de Armstrong invita a participar de l os festejos por el d\u00eda del artesano y el d\u00eda mundial del derecho del consumidor, que se realizar\u00e1 el domingo 15 de marzo, a partir de las 15 hs. en el predio recreativo Bracito Fuerte.<br \/>\nEl evento, organizado por las coordinadoras e integrantes de la feria Sabores y Colores Locales, dependiente de la Secretar\u00eda de Desarrollo Econ\u00f3mico y Productivo, surge a partir de la conmemoraci\u00f3n de ambas fechas los d\u00edas 19 y 15 de marzo, respectivamente.<br \/>\nEn el lugar se encontrar\u00e1n emprendedores de localidades vecinas y todos los integrantes de Sabores y Colores Locales con distintas propuestas como artesan\u00edas varias, macram\u00e9, trabajos en vidrio, cuero, productos alimenticios, entre otras, con el objetivo de que el p\u00fablico pueda conocer y consumir productos locales.<br \/>\nTambi\u00e9n estar\u00e1 participando el C. T. El Tropero a trav\u00e9s de su taller de folclore para ni\u00f1os, dirigido por los prof. Alejandra Cabrera y Franco Ariza.<\/p>\n","protected":false},"excerpt":{"rendered":"<p>La Municipalidad de Armstrong invita a participar de l os festejos por el d\u00eda del artesano y el d\u00eda mundial del derecho del consumidor, que se realizar\u00e1 el domingo 15 de marzo, a partir de las 15 hs. en el predio recreativo Bracito Fuerte. El evento, organizado por las coordinadoras e integrantes de la feria <a href=\"https:\/\/armstrongyregion.com.ar\/diario\/domingo-15-de-marzo-festejos-en-el-bracito-fuerte\/\" title=\"Read more\" >&#8230;<\/a><\/p>\n","protected":false},"author":2,"featured_media":1294,"comment_status":"open","ping_status":"open","sticky":false,"template":"","format":"standard","meta":{"_jetpack_memberships_contains_paid_content":false,"footnotes":"","jetpack_publicize_message":"","jetpack_publicize_feature_enabled":true,"jetpack_social_post_already_shared":false,"jetpack_social_options":{"image_generator_settings":{"template":"highway","default_image_id":0,"enabled":false},"version":2}},"categories":[1,2],"tags":[1133,19,1132,16,15,841,1134,949],"class_list":["post-1293","post","type-post","status-publish","format-standard","has-post-thumbnail","hentry","category-diario-armstrong","category-locales","tag-bracito","tag-de","tag-domingo-15","tag-el","tag-en","tag-festejos","tag-fuerte","tag-marzo"],"jetpack_publicize_connections":[],"jetpack_featured_media_url":"https:\/\/armstrongyregion.com.ar\/diario\/wp-content\/uploads\/2015\/03\/diadelartesano2015.jpg","jetpack_shortlink":"https:\/\/wp.me\/p62QDO-kR","jetpack_sharing_enabled":true,"amp_enabled":true,"_links":{"self":[{"href":"https:\/\/armstrongyregion.com.ar\/diario\/wp-json\/wp\/v2\/posts\/1293","targetHints":{"allow":["GET"]}}],"collection":[{"href":"https:\/\/armstrongyregion.com.ar\/diario\/wp-json\/wp\/v2\/posts"}],"about":[{"href":"https:\/\/armstrongyregion.com.ar\/diario\/wp-json\/wp\/v2\/types\/post"}],"author":[{"embeddable":true,"href":"https:\/\/armstrongyregion.com.ar\/diario\/wp-json\/wp\/v2\/users\/2"}],"replies":[{"embeddable":true,"href":"https:\/\/armstrongyregion.com.ar\/diario\/wp-json\/wp\/v2\/comments?post=1293"}],"version-history":[{"count":0,"href":"https:\/\/armstrongyregion.com.ar\/diario\/wp-json\/wp\/v2\/posts\/1293\/revisions"}],"wp:featuredmedia":[{"embeddable":true,"href":"https:\/\/armstrongyregion.com.ar\/diario\/wp-json\/wp\/v2\/media\/1294"}],"wp:attachment":[{"href":"https:\/\/armstrongyregion.com.ar\/diario\/wp-json\/wp\/v2\/media?parent=1293"}],"wp:term":[{"taxonomy":"category","embeddable":true,"href":"https:\/\/armstrongyregion.com.ar\/diario\/wp-json\/wp\/v2\/categories?post=1293"},{"taxonomy":"post_tag","embeddable":true,"href":"https:\/\/armstrongyregion.com.ar\/diario\/wp-json\/wp\/v2\/tags?post=1293"}],"curies":[{"name":"wp","href":"https:\/\/api.w.org\/{rel}","templated":true}]}}