{"id":12896,"date":"2017-05-11T10:33:51","date_gmt":"2017-05-11T10:33:51","guid":{"rendered":"https:\/\/armstrongyregion.com.ar\/diario\/?p=12896"},"modified":"2017-05-11T10:33:51","modified_gmt":"2017-05-11T10:33:51","slug":"diego-mansilla-con-cristina-fernandez-de-kirchner-en-bruselas","status":"publish","type":"post","link":"https:\/\/armstrongyregion.com.ar\/diario\/diego-mansilla-con-cristina-fernandez-de-kirchner-en-bruselas\/","title":{"rendered":"Diego Mansilla con Cristina Fern\u00e1ndez de Kirchner en Bruselas."},"content":{"rendered":"<p><a href=\"http:\/\/armstrongyregion.com.ar\/diario\/wp-content\/uploads\/2017\/05\/Diego-3-.jpg\"><img loading=\"lazy\" decoding=\"async\" class=\"alignnone size-medium wp-image-12897\" src=\"http:\/\/armstrongyregion.com.ar\/diario\/wp-content\/uploads\/2017\/05\/Diego-3--300x168.jpg\" alt=\"Diego-3-\" width=\"300\" height=\"168\" srcset=\"https:\/\/armstrongyregion.com.ar\/diario\/wp-content\/uploads\/2017\/05\/Diego-3--300x168.jpg 300w, https:\/\/armstrongyregion.com.ar\/diario\/wp-content\/uploads\/2017\/05\/Diego-3-.jpg 960w\" sizes=\"auto, (max-width: 300px) 100vw, 300px\" \/><\/a>\u201cTenemos que reinstalar la agenda de la producci\u00f3n, el trabajo y los derechos humanos\u201d.<\/p>\n<p>\u201cEs un orgullo y una gran responsabilidad acompa\u00f1arla en este viaje, porque se trata de reinstalar la agenda que nunca debimos dejar de lado, que es la de la producci\u00f3n y el trabajo, la de la defensa de los derechos humanos, la de la defensa de la justicia, la libertad y la dignidad para todos los pueblos del mundo\u201d, dijo hoy<span class=\"text_exposed_show\"> el diputado del Mercosur Diego Mansilla, quien se encuentra en Bruselas junto a la ex presidenta argentina, en el marco de su visita a Europa.<\/span><\/p>\n<div class=\"text_exposed_show\">\n<p>\u201cCristina representa para el mundo una Argentina que no se somete a humillaciones, que busca el bienestar para su pueblo, que pregona la profundizaci\u00f3n de la democracia, la inclusi\u00f3n, la justicia social. Por eso su presencia genera tanto inter\u00e9s, tantas consultas\u201d, sostuvo Mansilla, quien particip\u00f3 de la jornada de trabajo de la ex mandataria nacional junto con integrantes del Parlamento Europeo.<\/p>\n<p>\u201cEl actual gobierno nacional impulsa una pol\u00edtica internacional de exportaci\u00f3n de productos primarios y de importaci\u00f3n de manufacturas que est\u00e1 golpeando muy duro a nuestro entramado productivo e industrial, que provoca p\u00e9rdidas de fuentes de trabajo y empobrecimiento. Tenemos que volver r\u00e1pidamente al camino de la integraci\u00f3n y la complementaci\u00f3n protegiendo nuestro derecho al empleo, al desarrollo nacional y regional, a una mejor calidad de vida para todos\u201d, remarc\u00f3 el dirigente santafesino, ex intendente de Las Parejas.<\/p>\n<p>En Bruselas, Mansilla acompa\u00f1\u00f3 a Cristina Fern\u00e1ndez de Kirchner en una reuni\u00f3n con eurodiputados del grupo pol\u00edtico GUE NGL y luego en un almuerzo con los tambi\u00e9n diputados del Parlamento Europeo Javier Couso, Xabier Benito, Marina Albiol, Joao Pimenta y Tania Gonzalez.<br \/>\nDespu\u00e9s, por la tarde, la ex presidenta brind\u00f3 una conferencia ante diputados, embajadores, estudiantes y p\u00fablico en general, entre el que se contaron muchos argentinos. Y finalmente, mantuvo una reuni\u00f3n con el Secretario General de la Sindical Europea Luca Vicentini.<\/p>\n<p>\u201cCristina habl\u00f3 ante todos sus interlocutores de la realidad argentina y del Mercosur, haciendo eje en el retroceso que significa la aplicaci\u00f3n de pol\u00edticas neoliberales y destacando los avances logrados con gobiernos populares\u201d, inform\u00f3 Mansilla. \u201cEn este sentido, llam\u00f3 a pensar nuevas arquitecturas institucionales que permitan garantizar derechos para todos; y para esto hizo hincapi\u00e9 en la necesidad de dejar de ser televidentes para volver a ser ciudadanos, a participar intensamente en la vida pol\u00edtica y social\u201d, subray\u00f3 el diputado del Mercosur.<\/p>\n<\/div>\n","protected":false},"excerpt":{"rendered":"<p>\u201cTenemos que reinstalar la agenda de la producci\u00f3n, el trabajo y los derechos humanos\u201d. \u201cEs un orgullo y una gran responsabilidad acompa\u00f1arla en este viaje, porque se trata de reinstalar la agenda que nunca debimos dejar de lado, que es la de la producci\u00f3n y el trabajo, la de la defensa de los derechos humanos, <a href=\"https:\/\/armstrongyregion.com.ar\/diario\/diego-mansilla-con-cristina-fernandez-de-kirchner-en-bruselas\/\" title=\"Read more\" >&#8230;<\/a><\/p>\n","protected":false},"author":1,"featured_media":12897,"comment_status":"open","ping_status":"open","sticky":false,"template":"","format":"standard","meta":{"_jetpack_memberships_contains_paid_content":false,"footnotes":"","jetpack_publicize_message":"","jetpack_publicize_feature_enabled":true,"jetpack_social_post_already_shared":false,"jetpack_social_options":{"image_generator_settings":{"template":"highway","default_image_id":0,"enabled":false},"version":2}},"categories":[8,1,2,7],"tags":[20,5418,388,13],"class_list":["post-12896","post","type-post","status-publish","format-standard","has-post-thumbnail","hentry","category-deliberando","category-diario-armstrong","category-locales","category-politica","tag-armstrong","tag-diego-mansilla-con-cristina-fernandez-de-kirchner-en-bruselas","tag-region-2","tag-y"],"jetpack_publicize_connections":[],"jetpack_featured_media_url":"https:\/\/armstrongyregion.com.ar\/diario\/wp-content\/uploads\/2017\/05\/Diego-3-.jpg","jetpack_shortlink":"https:\/\/wp.me\/p62QDO-3m0","jetpack_sharing_enabled":true,"amp_enabled":true,"_links":{"self":[{"href":"https:\/\/armstrongyregion.com.ar\/diario\/wp-json\/wp\/v2\/posts\/12896","targetHints":{"allow":["GET"]}}],"collection":[{"href":"https:\/\/armstrongyregion.com.ar\/diario\/wp-json\/wp\/v2\/posts"}],"about":[{"href":"https:\/\/armstrongyregion.com.ar\/diario\/wp-json\/wp\/v2\/types\/post"}],"author":[{"embeddable":true,"href":"https:\/\/armstrongyregion.com.ar\/diario\/wp-json\/wp\/v2\/users\/1"}],"replies":[{"embeddable":true,"href":"https:\/\/armstrongyregion.com.ar\/diario\/wp-json\/wp\/v2\/comments?post=12896"}],"version-history":[{"count":0,"href":"https:\/\/armstrongyregion.com.ar\/diario\/wp-json\/wp\/v2\/posts\/12896\/revisions"}],"wp:featuredmedia":[{"embeddable":true,"href":"https:\/\/armstrongyregion.com.ar\/diario\/wp-json\/wp\/v2\/media\/12897"}],"wp:attachment":[{"href":"https:\/\/armstrongyregion.com.ar\/diario\/wp-json\/wp\/v2\/media?parent=12896"}],"wp:term":[{"taxonomy":"category","embeddable":true,"href":"https:\/\/armstrongyregion.com.ar\/diario\/wp-json\/wp\/v2\/categories?post=12896"},{"taxonomy":"post_tag","embeddable":true,"href":"https:\/\/armstrongyregion.com.ar\/diario\/wp-json\/wp\/v2\/tags?post=12896"}],"curies":[{"name":"wp","href":"https:\/\/api.w.org\/{rel}","templated":true}]}}