{"id":12885,"date":"2017-05-10T16:18:12","date_gmt":"2017-05-10T16:18:12","guid":{"rendered":"https:\/\/armstrongyregion.com.ar\/diario\/?p=12885"},"modified":"2017-05-10T16:23:01","modified_gmt":"2017-05-10T16:23:01","slug":"fischer-la-perdida-del-dr-ricardo-principe-causo-gran-penar-en-los-dirigentes-politicos","status":"publish","type":"post","link":"https:\/\/armstrongyregion.com.ar\/diario\/fischer-la-perdida-del-dr-ricardo-principe-causo-gran-penar-en-los-dirigentes-politicos\/","title":{"rendered":"Fischer: \u201cLa p\u00e9rdida del Dr. Ricardo Pr\u00edncipe causo gran penar en los dirigentes pol\u00edticos\u201d."},"content":{"rendered":"<p><a href=\"http:\/\/armstrongyregion.com.ar\/diario\/wp-content\/uploads\/2017\/05\/Augusto-Fischer-Concejal2.jpg\"><img loading=\"lazy\" decoding=\"async\" class=\"alignnone size-medium wp-image-12886\" src=\"http:\/\/armstrongyregion.com.ar\/diario\/wp-content\/uploads\/2017\/05\/Augusto-Fischer-Concejal2-300x210.jpg\" alt=\"Augusto Fischer Concejal\" width=\"300\" height=\"210\" srcset=\"https:\/\/armstrongyregion.com.ar\/diario\/wp-content\/uploads\/2017\/05\/Augusto-Fischer-Concejal2-300x210.jpg 300w, https:\/\/armstrongyregion.com.ar\/diario\/wp-content\/uploads\/2017\/05\/Augusto-Fischer-Concejal2.jpg 768w\" sizes=\"auto, (max-width: 300px) 100vw, 300px\" \/><\/a>Al t\u00e9rmino de la sesi\u00f3n en la noche del martes el concejal Augusto Fischer, hablo con los medios locales sobre el Proyecto de Declaraci\u00f3n que presento su bloque. \u201cLa p\u00e9rdida del Dr. Ricardo Pr\u00edncipe, causo un gran penar en los dirigentes pol\u00edticos, referentes sociales, la comunidad educativa y la poblaci\u00f3n en general, \u00e9l fue concejal en dos periodos, asesor\u00a0 del Dr. Fernando Fischer, tambi\u00e9n de otros intendentes como Diego Mansilla y Horacio Compagnucci. Y como dirigente dejo un sello que destaca su compromiso\u201d. Expreso el concejal.<\/p>\n<p>Fischer agreg\u00f3: \u201cTambi\u00e9n solicitamos al ejecutivo la reconstrucci\u00f3n de vereda comunitaria en la calle Fischer entre v\u00edas f\u00e9rreas y calle Pte. Per\u00f3n, lado este\u201d.<\/p>\n<p>Finalmente este medio le consulto al edil que opina sobre unos audios que se han virilizado donde se menciona su nombre, el del Senador Guillermo Cornaglia y el de Gerardo Pavicic referente justicialista\u00a0 y que expresan plan de construcci\u00f3n\u00a0 de viviendas. El edil respondi\u00f3 que ya hab\u00eda hecho declaraciones en redes sociales y que no quer\u00eda considerar ese tema.<\/p>\n","protected":false},"excerpt":{"rendered":"<p>Al t\u00e9rmino de la sesi\u00f3n en la noche del martes el concejal Augusto Fischer, hablo con los medios locales sobre el Proyecto de Declaraci\u00f3n que presento su bloque. \u201cLa p\u00e9rdida del Dr. Ricardo Pr\u00edncipe, causo un gran penar en los dirigentes pol\u00edticos, referentes sociales, la comunidad educativa y la poblaci\u00f3n en general, \u00e9l fue concejal <a href=\"https:\/\/armstrongyregion.com.ar\/diario\/fischer-la-perdida-del-dr-ricardo-principe-causo-gran-penar-en-los-dirigentes-politicos\/\" title=\"Read more\" >&#8230;<\/a><\/p>\n","protected":false},"author":1,"featured_media":12886,"comment_status":"open","ping_status":"open","sticky":false,"template":"","format":"standard","meta":{"_jetpack_memberships_contains_paid_content":false,"footnotes":"","jetpack_publicize_message":"","jetpack_publicize_feature_enabled":true,"jetpack_social_post_already_shared":false,"jetpack_social_options":{"image_generator_settings":{"template":"highway","default_image_id":0,"enabled":false},"version":2}},"categories":[8,1,2],"tags":[5414],"class_list":["post-12885","post","type-post","status-publish","format-standard","has-post-thumbnail","hentry","category-deliberando","category-diario-armstrong","category-locales","tag-fischer-la-perdida-del-dr-ricardo-principe-causo-gran-penar-en-los-dirigentes-politicos"],"jetpack_publicize_connections":[],"jetpack_featured_media_url":"https:\/\/armstrongyregion.com.ar\/diario\/wp-content\/uploads\/2017\/05\/Augusto-Fischer-Concejal2.jpg","jetpack_shortlink":"https:\/\/wp.me\/p62QDO-3lP","jetpack_sharing_enabled":true,"amp_enabled":true,"_links":{"self":[{"href":"https:\/\/armstrongyregion.com.ar\/diario\/wp-json\/wp\/v2\/posts\/12885","targetHints":{"allow":["GET"]}}],"collection":[{"href":"https:\/\/armstrongyregion.com.ar\/diario\/wp-json\/wp\/v2\/posts"}],"about":[{"href":"https:\/\/armstrongyregion.com.ar\/diario\/wp-json\/wp\/v2\/types\/post"}],"author":[{"embeddable":true,"href":"https:\/\/armstrongyregion.com.ar\/diario\/wp-json\/wp\/v2\/users\/1"}],"replies":[{"embeddable":true,"href":"https:\/\/armstrongyregion.com.ar\/diario\/wp-json\/wp\/v2\/comments?post=12885"}],"version-history":[{"count":0,"href":"https:\/\/armstrongyregion.com.ar\/diario\/wp-json\/wp\/v2\/posts\/12885\/revisions"}],"wp:featuredmedia":[{"embeddable":true,"href":"https:\/\/armstrongyregion.com.ar\/diario\/wp-json\/wp\/v2\/media\/12886"}],"wp:attachment":[{"href":"https:\/\/armstrongyregion.com.ar\/diario\/wp-json\/wp\/v2\/media?parent=12885"}],"wp:term":[{"taxonomy":"category","embeddable":true,"href":"https:\/\/armstrongyregion.com.ar\/diario\/wp-json\/wp\/v2\/categories?post=12885"},{"taxonomy":"post_tag","embeddable":true,"href":"https:\/\/armstrongyregion.com.ar\/diario\/wp-json\/wp\/v2\/tags?post=12885"}],"curies":[{"name":"wp","href":"https:\/\/api.w.org\/{rel}","templated":true}]}}