{"id":12875,"date":"2017-05-10T13:40:15","date_gmt":"2017-05-10T13:40:15","guid":{"rendered":"https:\/\/armstrongyregion.com.ar\/diario\/?p=12875"},"modified":"2017-05-10T13:40:15","modified_gmt":"2017-05-10T13:40:15","slug":"verdecchia-recibio-al-jefe-de-la-brigada-antidrogas","status":"publish","type":"post","link":"https:\/\/armstrongyregion.com.ar\/diario\/verdecchia-recibio-al-jefe-de-la-brigada-antidrogas\/","title":{"rendered":"Verdecchia recibi\u00f3 al Jefe de la Brigada Antidrogas."},"content":{"rendered":"<p><a href=\"http:\/\/armstrongyregion.com.ar\/diario\/wp-content\/uploads\/2017\/05\/Reunion-jefe-de-brigrada-antidrogas.jpg\"><img loading=\"lazy\" decoding=\"async\" class=\"alignnone size-medium wp-image-12876\" src=\"http:\/\/armstrongyregion.com.ar\/diario\/wp-content\/uploads\/2017\/05\/Reunion-jefe-de-brigrada-antidrogas-300x169.jpg\" alt=\"Reunion jefe de brigrada antidrogas\" width=\"300\" height=\"169\" srcset=\"https:\/\/armstrongyregion.com.ar\/diario\/wp-content\/uploads\/2017\/05\/Reunion-jefe-de-brigrada-antidrogas-300x169.jpg 300w, https:\/\/armstrongyregion.com.ar\/diario\/wp-content\/uploads\/2017\/05\/Reunion-jefe-de-brigrada-antidrogas-1024x576.jpg 1024w, https:\/\/armstrongyregion.com.ar\/diario\/wp-content\/uploads\/2017\/05\/Reunion-jefe-de-brigrada-antidrogas.jpg 1032w\" sizes=\"auto, (max-width: 300px) 100vw, 300px\" \/><\/a>En la ma\u00f1ana del martes 9 de mayo, el Intendente Dr. Pablo Verdecchia recibi\u00f3 al Jefe de la Brigada Antidrogas del Departamento Belgrano Comisario Luis Villanueva, con motivo de un allanamiento realizado el \u00faltimo fin de semana.<\/p>\n<p>Ambos compartieron una charla sobre los trabajos que se realizan en cuanto a seguridad y prevenci\u00f3n, y los que est\u00e1n en proceso.<\/p>\n<p>\u201cEstamos contentos porque constantemente se trabaja en todo el Departamento pero fundamentalmente dentro de nuestra ciudad donde hay muchas investigaciones abiertas, muchas que llegan desde los Buzones de la Vida y por eso invito una vez m\u00e1s a los ciudadanos para que sigan haciendo las denuncias an\u00f3nimas, que son muy \u00fatiles para la Fiscal\u00eda\u201d, manifest\u00f3 el Dr. Verdecchia.<\/p>\n<p>Por su parte, Villanueva inform\u00f3 que su Brigada tiene la tarea espec\u00edfica que es llevar adelante las investigaciones en las distintas localidades del Departamento que les dan las Fiscal\u00edas Federales y tambi\u00e9n destac\u00f3 la importancia de las denuncias del Buz\u00f3n de la Vida, uno de los casos fue el que deriv\u00f3 en el allanamiento de los \u00faltimos d\u00edas, con resultado positivo incaut\u00e1ndose una gran cantidad de coca\u00edna y marihuana, tel\u00e9fonos celulares, anotaciones y elementos de mucho inter\u00e9s para la causa, con una ciudadana de 46 a\u00f1os de edad detenida bajo la car\u00e1tula de comercializaci\u00f3n de estupefacientes, infracci\u00f3n a la Ley N\u00b023.737.<\/p>\n<p>&nbsp;<\/p>\n","protected":false},"excerpt":{"rendered":"<p>En la ma\u00f1ana del martes 9 de mayo, el Intendente Dr. Pablo Verdecchia recibi\u00f3 al Jefe de la Brigada Antidrogas del Departamento Belgrano Comisario Luis Villanueva, con motivo de un allanamiento realizado el \u00faltimo fin de semana. Ambos compartieron una charla sobre los trabajos que se realizan en cuanto a seguridad y prevenci\u00f3n, y los <a href=\"https:\/\/armstrongyregion.com.ar\/diario\/verdecchia-recibio-al-jefe-de-la-brigada-antidrogas\/\" title=\"Read more\" >&#8230;<\/a><\/p>\n","protected":false},"author":1,"featured_media":12876,"comment_status":"open","ping_status":"open","sticky":false,"template":"","format":"standard","meta":{"_jetpack_memberships_contains_paid_content":false,"footnotes":"","jetpack_publicize_message":"","jetpack_publicize_feature_enabled":true,"jetpack_social_post_already_shared":false,"jetpack_social_options":{"image_generator_settings":{"template":"highway","default_image_id":0,"enabled":false},"version":2}},"categories":[1,2,2852],"tags":[20,388,5410,13],"class_list":["post-12875","post","type-post","status-publish","format-standard","has-post-thumbnail","hentry","category-diario-armstrong","category-locales","category-policiales","tag-armstrong","tag-region-2","tag-verdecchia-recibio-al-jefe-de-la-brigada-antidrogas","tag-y"],"jetpack_publicize_connections":[],"jetpack_featured_media_url":"https:\/\/armstrongyregion.com.ar\/diario\/wp-content\/uploads\/2017\/05\/Reunion-jefe-de-brigrada-antidrogas.jpg","jetpack_shortlink":"https:\/\/wp.me\/p62QDO-3lF","jetpack_sharing_enabled":true,"amp_enabled":true,"_links":{"self":[{"href":"https:\/\/armstrongyregion.com.ar\/diario\/wp-json\/wp\/v2\/posts\/12875","targetHints":{"allow":["GET"]}}],"collection":[{"href":"https:\/\/armstrongyregion.com.ar\/diario\/wp-json\/wp\/v2\/posts"}],"about":[{"href":"https:\/\/armstrongyregion.com.ar\/diario\/wp-json\/wp\/v2\/types\/post"}],"author":[{"embeddable":true,"href":"https:\/\/armstrongyregion.com.ar\/diario\/wp-json\/wp\/v2\/users\/1"}],"replies":[{"embeddable":true,"href":"https:\/\/armstrongyregion.com.ar\/diario\/wp-json\/wp\/v2\/comments?post=12875"}],"version-history":[{"count":0,"href":"https:\/\/armstrongyregion.com.ar\/diario\/wp-json\/wp\/v2\/posts\/12875\/revisions"}],"wp:featuredmedia":[{"embeddable":true,"href":"https:\/\/armstrongyregion.com.ar\/diario\/wp-json\/wp\/v2\/media\/12876"}],"wp:attachment":[{"href":"https:\/\/armstrongyregion.com.ar\/diario\/wp-json\/wp\/v2\/media?parent=12875"}],"wp:term":[{"taxonomy":"category","embeddable":true,"href":"https:\/\/armstrongyregion.com.ar\/diario\/wp-json\/wp\/v2\/categories?post=12875"},{"taxonomy":"post_tag","embeddable":true,"href":"https:\/\/armstrongyregion.com.ar\/diario\/wp-json\/wp\/v2\/tags?post=12875"}],"curies":[{"name":"wp","href":"https:\/\/api.w.org\/{rel}","templated":true}]}}