{"id":12860,"date":"2017-05-09T13:39:17","date_gmt":"2017-05-09T13:39:17","guid":{"rendered":"https:\/\/armstrongyregion.com.ar\/diario\/?p=12860"},"modified":"2017-05-09T13:45:48","modified_gmt":"2017-05-09T13:45:48","slug":"deliberando-hoylegislativo-armstronense-y-parejense","status":"publish","type":"post","link":"https:\/\/armstrongyregion.com.ar\/diario\/deliberando-hoylegislativo-armstronense-y-parejense\/","title":{"rendered":"Deliberando. Hoy\u2026Legislativo armstronense y  parejense."},"content":{"rendered":"<p><a href=\"http:\/\/armstrongyregion.com.ar\/diario\/wp-content\/uploads\/2017\/05\/DSC_0487.jpg\"><img loading=\"lazy\" decoding=\"async\" class=\"alignnone size-medium wp-image-12861\" src=\"http:\/\/armstrongyregion.com.ar\/diario\/wp-content\/uploads\/2017\/05\/DSC_0487-300x200.jpg\" alt=\"Leonardo-Rostagno-\" width=\"300\" height=\"200\" srcset=\"https:\/\/armstrongyregion.com.ar\/diario\/wp-content\/uploads\/2017\/05\/DSC_0487-300x200.jpg 300w, https:\/\/armstrongyregion.com.ar\/diario\/wp-content\/uploads\/2017\/05\/DSC_0487-1024x683.jpg 1024w\" sizes=\"auto, (max-width: 300px) 100vw, 300px\" \/><\/a>En la noche de hoy compartiremos dos charlas, ambos ediles \u00a0culminan su labor legislativa este a\u00f1o. Proyectos y continuidad.<\/p>\n<p>En primera instancia el Concejal Leonardo Rostagno, quien opinara sobre el Justicialismo local, replanteando una unidad y con la convicci\u00f3n de encabezar una lista \u00fanica en las pr\u00f3ximas elecciones apoyando al Dr. Augusto Fischer a la intendencia.<\/p>\n<p><a href=\"http:\/\/armstrongyregion.com.ar\/diario\/wp-content\/uploads\/2017\/05\/DSC_0503.jpg\"><img loading=\"lazy\" decoding=\"async\" class=\"alignnone size-medium wp-image-12862\" src=\"http:\/\/armstrongyregion.com.ar\/diario\/wp-content\/uploads\/2017\/05\/DSC_0503-300x200.jpg\" alt=\"Sandra-Clerici-\" width=\"300\" height=\"200\" srcset=\"https:\/\/armstrongyregion.com.ar\/diario\/wp-content\/uploads\/2017\/05\/DSC_0503-300x200.jpg 300w, https:\/\/armstrongyregion.com.ar\/diario\/wp-content\/uploads\/2017\/05\/DSC_0503-1024x683.jpg 1024w\" sizes=\"auto, (max-width: 300px) 100vw, 300px\" \/><\/a>Luego la Concejal por el Frente Progresista C\u00edvico y Social Sandra Cl\u00e9rici dela localidad parejense, nos dar\u00e1 un pantallazo sobre su agrupaci\u00f3n pol\u00edtica y los avances dentro del Dto. Belgrano. Formaci\u00f3n y convicci\u00f3n para encabezar lista en las pr\u00f3ximas elecciones. Cl\u00e9rici brindar\u00e1 su opini\u00f3n sobre la labor del ejecutivo en los barrios, temas puntuales como vivienda, seguridad y desarrollo entraran en la agenda de esta noche.<\/p>\n<p>Todo este martes en DELIBERANDO, con la conducci\u00f3n de la licenciada Graciela De la Casa- Ezequiel Piccoli y Oscar Crispino.<\/p>\n<p>Martes 21hs. CableImagenArmstrong-<\/p>\n","protected":false},"excerpt":{"rendered":"<p>En la noche de hoy compartiremos dos charlas, ambos ediles \u00a0culminan su labor legislativa este a\u00f1o. Proyectos y continuidad. En primera instancia el Concejal Leonardo Rostagno, quien opinara sobre el Justicialismo local, replanteando una unidad y con la convicci\u00f3n de encabezar una lista \u00fanica en las pr\u00f3ximas elecciones apoyando al Dr. Augusto Fischer a la <a href=\"https:\/\/armstrongyregion.com.ar\/diario\/deliberando-hoylegislativo-armstronense-y-parejense\/\" title=\"Read more\" >&#8230;<\/a><\/p>\n","protected":false},"author":1,"featured_media":12861,"comment_status":"open","ping_status":"open","sticky":false,"template":"","format":"standard","meta":{"_jetpack_memberships_contains_paid_content":false,"footnotes":"","jetpack_publicize_message":"","jetpack_publicize_feature_enabled":true,"jetpack_social_post_already_shared":false,"jetpack_social_options":{"image_generator_settings":{"template":"highway","default_image_id":0,"enabled":false},"version":2}},"categories":[8,1,2,7,3],"tags":[20,5407,388,13],"class_list":["post-12860","post","type-post","status-publish","format-standard","has-post-thumbnail","hentry","category-deliberando","category-diario-armstrong","category-locales","category-politica","category-region","tag-armstrong","tag-deliberando-hoylegislativo-armstronense-y-parejense","tag-region-2","tag-y"],"jetpack_publicize_connections":[],"jetpack_featured_media_url":"https:\/\/armstrongyregion.com.ar\/diario\/wp-content\/uploads\/2017\/05\/DSC_0487.jpg","jetpack_shortlink":"https:\/\/wp.me\/p62QDO-3lq","jetpack_sharing_enabled":true,"amp_enabled":true,"_links":{"self":[{"href":"https:\/\/armstrongyregion.com.ar\/diario\/wp-json\/wp\/v2\/posts\/12860","targetHints":{"allow":["GET"]}}],"collection":[{"href":"https:\/\/armstrongyregion.com.ar\/diario\/wp-json\/wp\/v2\/posts"}],"about":[{"href":"https:\/\/armstrongyregion.com.ar\/diario\/wp-json\/wp\/v2\/types\/post"}],"author":[{"embeddable":true,"href":"https:\/\/armstrongyregion.com.ar\/diario\/wp-json\/wp\/v2\/users\/1"}],"replies":[{"embeddable":true,"href":"https:\/\/armstrongyregion.com.ar\/diario\/wp-json\/wp\/v2\/comments?post=12860"}],"version-history":[{"count":0,"href":"https:\/\/armstrongyregion.com.ar\/diario\/wp-json\/wp\/v2\/posts\/12860\/revisions"}],"wp:featuredmedia":[{"embeddable":true,"href":"https:\/\/armstrongyregion.com.ar\/diario\/wp-json\/wp\/v2\/media\/12861"}],"wp:attachment":[{"href":"https:\/\/armstrongyregion.com.ar\/diario\/wp-json\/wp\/v2\/media?parent=12860"}],"wp:term":[{"taxonomy":"category","embeddable":true,"href":"https:\/\/armstrongyregion.com.ar\/diario\/wp-json\/wp\/v2\/categories?post=12860"},{"taxonomy":"post_tag","embeddable":true,"href":"https:\/\/armstrongyregion.com.ar\/diario\/wp-json\/wp\/v2\/tags?post=12860"}],"curies":[{"name":"wp","href":"https:\/\/api.w.org\/{rel}","templated":true}]}}