{"id":12857,"date":"2017-05-09T13:20:56","date_gmt":"2017-05-09T13:20:56","guid":{"rendered":"https:\/\/armstrongyregion.com.ar\/diario\/?p=12857"},"modified":"2017-05-09T13:20:56","modified_gmt":"2017-05-09T13:20:56","slug":"el-ministro-de-salud-convoca-a-profesionales-y-tecnicos-para-el-hospital-de-venado-tuerto","status":"publish","type":"post","link":"https:\/\/armstrongyregion.com.ar\/diario\/el-ministro-de-salud-convoca-a-profesionales-y-tecnicos-para-el-hospital-de-venado-tuerto\/","title":{"rendered":"El Ministro de Salud convoca a profesionales y T\u00e9cnicos para el Hospital de Venado Tuerto."},"content":{"rendered":"<p><a href=\"http:\/\/armstrongyregion.com.ar\/diario\/wp-content\/uploads\/2017\/05\/Hospital.gutierrez..png\"><img loading=\"lazy\" decoding=\"async\" class=\"alignnone size-medium wp-image-12858\" src=\"http:\/\/armstrongyregion.com.ar\/diario\/wp-content\/uploads\/2017\/05\/Hospital.gutierrez.-300x176.png\" alt=\"Hospital.gutierrez.\" width=\"300\" height=\"176\" srcset=\"https:\/\/armstrongyregion.com.ar\/diario\/wp-content\/uploads\/2017\/05\/Hospital.gutierrez.-300x176.png 300w, https:\/\/armstrongyregion.com.ar\/diario\/wp-content\/uploads\/2017\/05\/Hospital.gutierrez..png 768w\" sizes=\"auto, (max-width: 300px) 100vw, 300px\" \/><\/a>La inscripci\u00f3n estar\u00e1 abierta del 5 al 19 de mayo de 2017 con el objetivo de cubrir \u00e1reas de guardia, internaci\u00f3n, consultorio y quir\u00f3fanos del referido nuevo efector.<\/p>\n<p>El Ministerio de Salud provincial inform\u00f3 que se encuentra abierta la convocatoria a profesionales y t\u00e9cnicos de la salud, con el objetivo de cubrir \u00e1reas de guardia, internaci\u00f3n, consultorio y quir\u00f3fanos en el nuevo hospital de Venado Tuerto.<\/p>\n<p>La convocatoria estar\u00e1 abierta desde este viernes (5 de mayo) hasta el viernes 19 de mayo de 2017.<\/p>\n<p><strong>CARGOS PROFESIONALES A CUBRIR<\/strong><br \/>\n&gt;&gt; M\u00e9dico generalista<br \/>\n&gt;&gt; Cl\u00ednico<br \/>\n&gt;&gt; Pediatra<br \/>\n&gt;&gt; Neonat\u00f3logo<br \/>\n&gt;&gt; Intensivista pedi\u00e1trico<br \/>\n&gt;&gt; Cirujano<br \/>\n&gt;&gt; Traumat\u00f3logo<br \/>\n&gt;&gt; Ur\u00f3logo<br \/>\n&gt;&gt; Infect\u00f3logo<br \/>\n&gt;&gt; Ginec\u00f3logo<br \/>\n&gt;&gt; Gastroenter\u00f3logo<br \/>\n&gt;&gt; Endoscopista<br \/>\n&gt;&gt; Toco ginec\u00f3logo<br \/>\n&gt;&gt; Nutricionista<br \/>\n&gt;&gt; M\u00e9dico de diagn\u00f3stico por imagen<br \/>\n&gt;&gt; Ecografista<br \/>\n&gt;&gt; Anatomopat\u00f3logo<br \/>\n&gt;&gt; Bacteri\u00f3logo<br \/>\n&gt;&gt; Psic\u00f3logo<br \/>\n&gt;&gt; Psiquiatra<br \/>\n&gt;&gt; Farmac\u00e9utico<br \/>\n&gt;&gt; Kinesi\u00f3logo.<\/p>\n<p>Los interesados deber\u00e1n enviar CV y matr\u00edcula por correo electr\u00f3nico, indicando en el asunto el cargo a postular:convocatoriavt@santafe.gov.ar<\/p>\n<p><strong>CARGOS T\u00c9CNICOS A CUBRIR<\/strong><br \/>\n&gt;&gt; T\u00e9cnico en diagn\u00f3stico por im\u00e1genes para manejo de radiolog\u00eda, TAC y RMN.<br \/>\n&gt;&gt; T\u00e9cnico de laboratorio para laboratorios cl\u00ednicos, bacteriolog\u00eda y anatomopatolog\u00eda.<\/p>\n<p>Los interesados deber\u00e1n enviar CV por correo indicando en el asunto el cargo a postular: convocatoriavt@santafe.gov.ar<\/p>\n<p>Aquellos agentes provinciales que se encuentren dentro de los escalafones 9282 o 2695, que actualmente posean cargo y deseen el traslado al nuevo Hospital de Venado Tuerto, tendr\u00e1n prioridad en la convocatoria.<\/p>\n<p>En tal caso, enviar CV al correo convocatoriavt@santafe.gov.ar indicando el cargo que ya posee y detallando en el asunto del correo: Traslado.<\/p>\n<p>Se recuerda que la convocatoria es abierta para profesionales provenientes de cualquier localidad del pa\u00eds.<\/p>\n<p><strong>NUEVO HOSPITAL NODAL DE VENADO TUERTO<\/strong><br \/>\nEl nuevo hospital Nodal de Venado Tuerto es una obra cuya inversi\u00f3n global es superior a los 385 millones de pesos y al momento de su puesta en marcha se convertir\u00e1 en el efector m\u00e1s moderno del pa\u00eds y el m\u00e1s importante de la regi\u00f3n.<\/p>\n<p>El efector, de referencia para la Regi\u00f3n 5 (Nodo Venado Tuerto), se erige en el predio de avenida Santa Fe y Comandante Espora. Su ubicaci\u00f3n permite cumplir con los criterios de accesibilidad regional y local, tanto para desplazamientos necesarios dentro de la misma ciudad como por las conexiones con las rutas nacionales 8 y 33.<\/p>\n<p>Una vez habilitado contar\u00e1 con blocks para cirug\u00eda, maternidad y neonatolog\u00eda con 18 puestos; diagn\u00f3stico y tratamiento con salas de rayos X, tomograf\u00eda y laboratorio; guardia; consultas externas; y rehabilitaci\u00f3n e internaci\u00f3n con 102 camas.<\/p>\n<p>El sector para el p\u00fablico estar\u00e1 conformado por espacios de circulaci\u00f3n, salas de espera, aulas, auditorio, oratorio, direcci\u00f3n y cafeter\u00eda. Tambi\u00e9n tendr\u00e1 un sector de apoyo t\u00e9cnico conformado por la sala de m\u00e1quinas, vestuarios, dep\u00f3sito de residuos, y \u00e1reas de mantenimiento; una secci\u00f3n de apoyos generales compuesto por oficinas, administraci\u00f3n, cafeter\u00eda para el personal y dormitorios para los m\u00e9dicos, as\u00ed como un sector destinado al estacionamiento de veh\u00edculos.<\/p>\n<p>El proyecto arquitect\u00f3nico estuvo a cargo de la Unidad de Proyectos Especiales del Ministerio de Obras P\u00fablicas de la provincia, que trabaja juntamente con el Ministerio de Salud. En tanto, en la direcci\u00f3n y ejecuci\u00f3n de la obra interviene la Unidad Ejecutora de Proyectos de Arquitectura (Uepa).<\/p>\n","protected":false},"excerpt":{"rendered":"<p>La inscripci\u00f3n estar\u00e1 abierta del 5 al 19 de mayo de 2017 con el objetivo de cubrir \u00e1reas de guardia, internaci\u00f3n, consultorio y quir\u00f3fanos del referido nuevo efector. El Ministerio de Salud provincial inform\u00f3 que se encuentra abierta la convocatoria a profesionales y t\u00e9cnicos de la salud, con el objetivo de cubrir \u00e1reas de guardia, <a href=\"https:\/\/armstrongyregion.com.ar\/diario\/el-ministro-de-salud-convoca-a-profesionales-y-tecnicos-para-el-hospital-de-venado-tuerto\/\" title=\"Read more\" >&#8230;<\/a><\/p>\n","protected":false},"author":1,"featured_media":12858,"comment_status":"open","ping_status":"open","sticky":false,"template":"","format":"standard","meta":{"_jetpack_memberships_contains_paid_content":false,"footnotes":"","jetpack_publicize_message":"","jetpack_publicize_feature_enabled":true,"jetpack_social_post_already_shared":false,"jetpack_social_options":{"image_generator_settings":{"template":"highway","default_image_id":0,"enabled":false},"version":2}},"categories":[1,2,7,4,3],"tags":[20,5406,388,13],"class_list":["post-12857","post","type-post","status-publish","format-standard","has-post-thumbnail","hentry","category-diario-armstrong","category-locales","category-politica","category-prevencion-salud","category-region","tag-armstrong","tag-el-ministro-de-salud-convoca-a-profesionales-y-tecnicos-para-el-hospital-de-venado-tuerto","tag-region-2","tag-y"],"jetpack_publicize_connections":[],"jetpack_featured_media_url":"https:\/\/armstrongyregion.com.ar\/diario\/wp-content\/uploads\/2017\/05\/Hospital.gutierrez..png","jetpack_shortlink":"https:\/\/wp.me\/p62QDO-3ln","jetpack_sharing_enabled":true,"amp_enabled":true,"_links":{"self":[{"href":"https:\/\/armstrongyregion.com.ar\/diario\/wp-json\/wp\/v2\/posts\/12857","targetHints":{"allow":["GET"]}}],"collection":[{"href":"https:\/\/armstrongyregion.com.ar\/diario\/wp-json\/wp\/v2\/posts"}],"about":[{"href":"https:\/\/armstrongyregion.com.ar\/diario\/wp-json\/wp\/v2\/types\/post"}],"author":[{"embeddable":true,"href":"https:\/\/armstrongyregion.com.ar\/diario\/wp-json\/wp\/v2\/users\/1"}],"replies":[{"embeddable":true,"href":"https:\/\/armstrongyregion.com.ar\/diario\/wp-json\/wp\/v2\/comments?post=12857"}],"version-history":[{"count":0,"href":"https:\/\/armstrongyregion.com.ar\/diario\/wp-json\/wp\/v2\/posts\/12857\/revisions"}],"wp:featuredmedia":[{"embeddable":true,"href":"https:\/\/armstrongyregion.com.ar\/diario\/wp-json\/wp\/v2\/media\/12858"}],"wp:attachment":[{"href":"https:\/\/armstrongyregion.com.ar\/diario\/wp-json\/wp\/v2\/media?parent=12857"}],"wp:term":[{"taxonomy":"category","embeddable":true,"href":"https:\/\/armstrongyregion.com.ar\/diario\/wp-json\/wp\/v2\/categories?post=12857"},{"taxonomy":"post_tag","embeddable":true,"href":"https:\/\/armstrongyregion.com.ar\/diario\/wp-json\/wp\/v2\/tags?post=12857"}],"curies":[{"name":"wp","href":"https:\/\/api.w.org\/{rel}","templated":true}]}}