{"id":12841,"date":"2017-05-07T22:58:36","date_gmt":"2017-05-07T22:58:36","guid":{"rendered":"https:\/\/armstrongyregion.com.ar\/diario\/?p=12841"},"modified":"2017-05-07T22:58:36","modified_gmt":"2017-05-07T22:58:36","slug":"se-mantiene-el-alerta-por-lluvias-y-tormentas-intensas","status":"publish","type":"post","link":"https:\/\/armstrongyregion.com.ar\/diario\/se-mantiene-el-alerta-por-lluvias-y-tormentas-intensas\/","title":{"rendered":"Se mantiene el alerta por lluvias y tormentas intensas."},"content":{"rendered":"<p><a href=\"http:\/\/armstrongyregion.com.ar\/diario\/wp-content\/uploads\/2017\/04\/alerta21-.jpg\"><img loading=\"lazy\" decoding=\"async\" class=\"alignnone size-medium wp-image-12315\" src=\"http:\/\/armstrongyregion.com.ar\/diario\/wp-content\/uploads\/2017\/04\/alerta21--300x180.jpg\" alt=\"alerta21-\" width=\"300\" height=\"180\" srcset=\"https:\/\/armstrongyregion.com.ar\/diario\/wp-content\/uploads\/2017\/04\/alerta21--300x180.jpg 300w, https:\/\/armstrongyregion.com.ar\/diario\/wp-content\/uploads\/2017\/04\/alerta21-.jpg 768w\" sizes=\"auto, (max-width: 300px) 100vw, 300px\" \/><\/a>El Servicio Meteorol\u00f3gico anuncia precipitaciones para toda la provincia de Santa Fe. Las condiciones comenzar\u00e1n a mejorar este lunes.<\/p>\n<p>El Servicio Meteorol\u00f3gico Nacional (SMN) manten\u00eda este domingo un alerta por lluvias y tormentas fuertes que abarca a la provincia de Santa Fe.<\/p>\n<p>Seg\u00fan el parte clim\u00e1tico, renovado por la tarde y que se actualizaba a las 22.30, algunos de los fen\u00f3menos pueden ser localmente intensos, acompa\u00f1ados de r\u00e1fagas, fuerte actividad el\u00e9ctrica, ocasional ca\u00edda de granizo y principalmente abundante ca\u00edda de agua en cortos per\u00edodos.<\/p>\n<p>\u00abLa intensidad de los fen\u00f3menos tender\u00e1 a disminuir gradualmente de sur a norte a partir de la ma\u00f1ana del lunes\u00bb, se\u00f1ala el reporte oficial, y precisa que se esperan valores de precipitaci\u00f3n acumulada entre 40 y 60 mil\u00edmetros durante todo el periodo de pron\u00f3stico.<\/p>\n<p>Adem\u00e1s de toda la provincia de Santa Fe, el parte abarca al extremo norte de la provincia de Buenos Aires; centro y este de Chaco; centro y oeste de Corrientes; Entre R\u00edos; sudeste de Santiago del Estero; y R\u00edo de la Plata interior.<\/p>\n<p>Rosario3.Com<\/p>\n","protected":false},"excerpt":{"rendered":"<p>El Servicio Meteorol\u00f3gico anuncia precipitaciones para toda la provincia de Santa Fe. Las condiciones comenzar\u00e1n a mejorar este lunes. El Servicio Meteorol\u00f3gico Nacional (SMN) manten\u00eda este domingo un alerta por lluvias y tormentas fuertes que abarca a la provincia de Santa Fe. Seg\u00fan el parte clim\u00e1tico, renovado por la tarde y que se actualizaba a <a href=\"https:\/\/armstrongyregion.com.ar\/diario\/se-mantiene-el-alerta-por-lluvias-y-tormentas-intensas\/\" title=\"Read more\" >&#8230;<\/a><\/p>\n","protected":false},"author":1,"featured_media":12315,"comment_status":"open","ping_status":"open","sticky":false,"template":"","format":"standard","meta":{"_jetpack_memberships_contains_paid_content":false,"footnotes":"","jetpack_publicize_message":"","jetpack_publicize_feature_enabled":true,"jetpack_social_post_already_shared":false,"jetpack_social_options":{"image_generator_settings":{"template":"highway","default_image_id":0,"enabled":false},"version":2}},"categories":[1,2,3],"tags":[20,388,5401,13],"class_list":["post-12841","post","type-post","status-publish","format-standard","has-post-thumbnail","hentry","category-diario-armstrong","category-locales","category-region","tag-armstrong","tag-region-2","tag-se-mantiene-el-alerta-por-lluvias-y-tormentas-intensas","tag-y"],"jetpack_publicize_connections":[],"jetpack_featured_media_url":"https:\/\/armstrongyregion.com.ar\/diario\/wp-content\/uploads\/2017\/04\/alerta21-.jpg","jetpack_shortlink":"https:\/\/wp.me\/p62QDO-3l7","jetpack_sharing_enabled":true,"amp_enabled":true,"_links":{"self":[{"href":"https:\/\/armstrongyregion.com.ar\/diario\/wp-json\/wp\/v2\/posts\/12841","targetHints":{"allow":["GET"]}}],"collection":[{"href":"https:\/\/armstrongyregion.com.ar\/diario\/wp-json\/wp\/v2\/posts"}],"about":[{"href":"https:\/\/armstrongyregion.com.ar\/diario\/wp-json\/wp\/v2\/types\/post"}],"author":[{"embeddable":true,"href":"https:\/\/armstrongyregion.com.ar\/diario\/wp-json\/wp\/v2\/users\/1"}],"replies":[{"embeddable":true,"href":"https:\/\/armstrongyregion.com.ar\/diario\/wp-json\/wp\/v2\/comments?post=12841"}],"version-history":[{"count":0,"href":"https:\/\/armstrongyregion.com.ar\/diario\/wp-json\/wp\/v2\/posts\/12841\/revisions"}],"wp:featuredmedia":[{"embeddable":true,"href":"https:\/\/armstrongyregion.com.ar\/diario\/wp-json\/wp\/v2\/media\/12315"}],"wp:attachment":[{"href":"https:\/\/armstrongyregion.com.ar\/diario\/wp-json\/wp\/v2\/media?parent=12841"}],"wp:term":[{"taxonomy":"category","embeddable":true,"href":"https:\/\/armstrongyregion.com.ar\/diario\/wp-json\/wp\/v2\/categories?post=12841"},{"taxonomy":"post_tag","embeddable":true,"href":"https:\/\/armstrongyregion.com.ar\/diario\/wp-json\/wp\/v2\/tags?post=12841"}],"curies":[{"name":"wp","href":"https:\/\/api.w.org\/{rel}","templated":true}]}}