{"id":12838,"date":"2017-05-07T22:42:52","date_gmt":"2017-05-07T22:42:52","guid":{"rendered":"https:\/\/armstrongyregion.com.ar\/diario\/?p=12838"},"modified":"2017-05-07T22:42:52","modified_gmt":"2017-05-07T22:42:52","slug":"el-coro-polifonico-nacional-de-ciegos-se-presenta-en-villa-eloisa-mtes-de-oca-y-maria-susana","status":"publish","type":"post","link":"https:\/\/armstrongyregion.com.ar\/diario\/el-coro-polifonico-nacional-de-ciegos-se-presenta-en-villa-eloisa-mtes-de-oca-y-maria-susana\/","title":{"rendered":"El Coro Polif\u00f3nico Nacional de Ciegos se presenta en Villa Elo\u00edsa, Mtes de Oca y Maria Susana."},"content":{"rendered":"<p><a href=\"http:\/\/armstrongyregion.com.ar\/diario\/wp-content\/uploads\/2017\/05\/coro-de-ciegos-Carlos-Roberto-Larrimbe2.jpg\"><img loading=\"lazy\" decoding=\"async\" class=\"alignnone size-medium wp-image-12839\" src=\"http:\/\/armstrongyregion.com.ar\/diario\/wp-content\/uploads\/2017\/05\/coro-de-ciegos-Carlos-Roberto-Larrimbe2-300x190.jpg\" alt=\"coro de ciegos Carlos-Roberto-Larrimbe2\" width=\"300\" height=\"190\" srcset=\"https:\/\/armstrongyregion.com.ar\/diario\/wp-content\/uploads\/2017\/05\/coro-de-ciegos-Carlos-Roberto-Larrimbe2-300x190.jpg 300w, https:\/\/armstrongyregion.com.ar\/diario\/wp-content\/uploads\/2017\/05\/coro-de-ciegos-Carlos-Roberto-Larrimbe2.jpg 768w\" sizes=\"auto, (max-width: 300px) 100vw, 300px\" \/><\/a>A trav\u00e9s de las gestiones llevadas a cabo\u00a0ante el\u00a0<strong>Ministerio de Cultura de la\u00a0Naci\u00f3n<\/strong>\u00a0por el\u00a0<strong>Ente Cultural Santafesino<\/strong>\u00a0y la\u00a0<strong>Diputada\u00a0Provincial\u00a0Claudia Giaccone,<\/strong>\u00a0\u00a0el prestigioso elenco nacional llega con una maravillosa propuesta art\u00edstica\u00a0a la comunidades de\u00a0<strong>Villa Elo\u00edsa, Montes de Oca y Mar\u00eda Susana.<\/strong><\/p>\n<p>Con el fin de compartir y seguir potenciando el esp\u00edritu cooperativo y federal del\u00a0<strong>Ente Cultural Santafesino<\/strong>, el\u00a0<strong>Coro Nacional Polif\u00f3nico \u00a0de Ciego \u201cCarlos Larrimbe\u201d\u00a0<\/strong>llevar\u00e1 a cabo una gira desde el<strong>\u00a0viernes 26 al 28 de mayo\u00a0<\/strong>en las siguientes localidades:<\/p>\n<p><strong><u>Viernes 26<\/u><\/strong><strong>:<\/strong>\u00a0<em>Villa Elo\u00edsa \u2013 Auditorio Comunal \u2013 21:30hs<\/em><\/p>\n<p><strong><u>S\u00e1bado 27<\/u><\/strong><strong>:<\/strong><em>\u00a0Montes de Oca \u2013 Parroquia Nuestra Se\u00f1ora De las Mercedes \u2013 20hs<\/em><\/p>\n<p><strong><u>Domingo 28<\/u><\/strong><strong>:\u00a0<\/strong><em>Mar\u00eda Susana \u2013 Parroquia San Roque \u2013 20hs<\/em><\/p>\n<p>El\u00a0<strong>Coro Polif\u00f3nico Nacional de Ciegos \u201cCarlos Roberto Larrimbe\u201d<\/strong>\u00a0<em>es un organismo perteneciente al\u00a0<strong>Ministerio de Cultura de la Naci\u00f3n<\/strong>\u00a0y tiene su centro de actividades en la Ciudad de Buenos Aires.<\/em><\/p>\n<p><em>Como su nombre lo indica, es una instituci\u00f3n conformada en su totalidad por personas totalmente ciegas o con un nivel avanzado de disminuci\u00f3n visual, que encuentran en esta actividad un medio estable de vida.<\/em><\/p>\n<p><em>Para ingresar al Coro es imprescindible tener conocimientos musicales, un m\u00ednimo de t\u00e9cnica vocal y buen manejo de la escritura y de la musicograf\u00eda Braille. El ingreso se efect\u00faa a trav\u00e9s de concursos que se realizan cuando hay necesidad de cobertura de vacantes.<\/em><\/p>\n<p><em>La modalidad de trabajo no difiere mucho de la de cualquier otro coro. Se ensaya todos los d\u00edas, con sesiones de t\u00e9cnica vocal, ensayos parciales por cuerdas, y ensayos grupales.<\/em><\/p>\n<p><em>La \u00fanica diferencia est\u00e1 dada en que los coreutas que integran el Coro trabajan con partituras escritas en notaci\u00f3n Braille, para lo cual el Coro cuenta con un cuerpo de copistas. En la actualidad el Coro est\u00e1 conformado por el director, la preparadora vocal, cuatro jefes de cuerda, 51 coreutas, 16 copistas, un dictante, una secretaria t\u00e9cnica y dos auxiliares administrativos.<\/em><\/p>\n","protected":false},"excerpt":{"rendered":"<p>A trav\u00e9s de las gestiones llevadas a cabo\u00a0ante el\u00a0Ministerio de Cultura de la\u00a0Naci\u00f3n\u00a0por el\u00a0Ente Cultural Santafesino\u00a0y la\u00a0Diputada\u00a0Provincial\u00a0Claudia Giaccone,\u00a0\u00a0el prestigioso elenco nacional llega con una maravillosa propuesta art\u00edstica\u00a0a la comunidades de\u00a0Villa Elo\u00edsa, Montes de Oca y Mar\u00eda Susana. Con el fin de compartir y seguir potenciando el esp\u00edritu cooperativo y federal del\u00a0Ente Cultural Santafesino, el\u00a0Coro Nacional <a href=\"https:\/\/armstrongyregion.com.ar\/diario\/el-coro-polifonico-nacional-de-ciegos-se-presenta-en-villa-eloisa-mtes-de-oca-y-maria-susana\/\" title=\"Read more\" >&#8230;<\/a><\/p>\n","protected":false},"author":1,"featured_media":12839,"comment_status":"open","ping_status":"open","sticky":false,"template":"","format":"standard","meta":{"_jetpack_memberships_contains_paid_content":false,"footnotes":"","jetpack_publicize_message":"","jetpack_publicize_feature_enabled":true,"jetpack_social_post_already_shared":false,"jetpack_social_options":{"image_generator_settings":{"template":"highway","default_image_id":0,"enabled":false},"version":2}},"categories":[6,1,2,3],"tags":[5399,5400],"class_list":["post-12838","post","type-post","status-publish","format-standard","has-post-thumbnail","hentry","category-cultura-entretenimiento","category-diario-armstrong","category-locales","category-region","tag-el-coro-polifonico-nacional-de-ciegos-se-presenta-en-villa-eloisa","tag-mtes-de-oca-y-maria-susana"],"jetpack_publicize_connections":[],"jetpack_featured_media_url":"https:\/\/armstrongyregion.com.ar\/diario\/wp-content\/uploads\/2017\/05\/coro-de-ciegos-Carlos-Roberto-Larrimbe2.jpg","jetpack_shortlink":"https:\/\/wp.me\/p62QDO-3l4","jetpack_sharing_enabled":true,"amp_enabled":true,"_links":{"self":[{"href":"https:\/\/armstrongyregion.com.ar\/diario\/wp-json\/wp\/v2\/posts\/12838","targetHints":{"allow":["GET"]}}],"collection":[{"href":"https:\/\/armstrongyregion.com.ar\/diario\/wp-json\/wp\/v2\/posts"}],"about":[{"href":"https:\/\/armstrongyregion.com.ar\/diario\/wp-json\/wp\/v2\/types\/post"}],"author":[{"embeddable":true,"href":"https:\/\/armstrongyregion.com.ar\/diario\/wp-json\/wp\/v2\/users\/1"}],"replies":[{"embeddable":true,"href":"https:\/\/armstrongyregion.com.ar\/diario\/wp-json\/wp\/v2\/comments?post=12838"}],"version-history":[{"count":0,"href":"https:\/\/armstrongyregion.com.ar\/diario\/wp-json\/wp\/v2\/posts\/12838\/revisions"}],"wp:featuredmedia":[{"embeddable":true,"href":"https:\/\/armstrongyregion.com.ar\/diario\/wp-json\/wp\/v2\/media\/12839"}],"wp:attachment":[{"href":"https:\/\/armstrongyregion.com.ar\/diario\/wp-json\/wp\/v2\/media?parent=12838"}],"wp:term":[{"taxonomy":"category","embeddable":true,"href":"https:\/\/armstrongyregion.com.ar\/diario\/wp-json\/wp\/v2\/categories?post=12838"},{"taxonomy":"post_tag","embeddable":true,"href":"https:\/\/armstrongyregion.com.ar\/diario\/wp-json\/wp\/v2\/tags?post=12838"}],"curies":[{"name":"wp","href":"https:\/\/api.w.org\/{rel}","templated":true}]}}