{"id":12806,"date":"2017-05-04T23:17:33","date_gmt":"2017-05-04T23:17:33","guid":{"rendered":"https:\/\/armstrongyregion.com.ar\/diario\/?p=12806"},"modified":"2017-05-04T23:17:33","modified_gmt":"2017-05-04T23:17:33","slug":"avanza-la-puesta-en-marcha-del-consorcio-de-gestion-de-residuos-solidos-urbanos-en-el-departamento-belgrano","status":"publish","type":"post","link":"https:\/\/armstrongyregion.com.ar\/diario\/avanza-la-puesta-en-marcha-del-consorcio-de-gestion-de-residuos-solidos-urbanos-en-el-departamento-belgrano\/","title":{"rendered":"Avanza la puesta en marcha del consorcio de Gesti\u00f3n de Residuos S\u00f3lidos Urbanos en el departamento Belgrano."},"content":{"rendered":"<p><a href=\"http:\/\/armstrongyregion.com.ar\/diario\/wp-content\/uploads\/2017\/05\/grisu.jpg\"><img loading=\"lazy\" decoding=\"async\" class=\"alignnone size-medium wp-image-12807\" src=\"http:\/\/armstrongyregion.com.ar\/diario\/wp-content\/uploads\/2017\/05\/grisu-300x165.jpg\" alt=\"grisu\" width=\"300\" height=\"165\" srcset=\"https:\/\/armstrongyregion.com.ar\/diario\/wp-content\/uploads\/2017\/05\/grisu-300x165.jpg 300w, https:\/\/armstrongyregion.com.ar\/diario\/wp-content\/uploads\/2017\/05\/grisu.jpg 768w\" sizes=\"auto, (max-width: 300px) 100vw, 300px\" \/><\/a>El ministro Speranza mantuvo una reuni\u00f3n con autoridades del consorcio y destac\u00f3 que \u201csignifica un paso m\u00e1s del trabajo conjunto para una correcta disposici\u00f3n de los residuos del departamento\u201d.<\/p>\n<p>El ministro de Medio Ambiente, Jacinto Speranza, recibi\u00f3 este mi\u00e9rcoles a autoridades del Consorcio de Gesti\u00f3n de Residuos S\u00f3lidos Urbanos (Girsu) del departamento Belgrano e hizo entrega de la resoluci\u00f3n de aprobaci\u00f3n del mismo.<\/p>\n<p>Durante el encuentro, realizado en la sede del Ministerio de Medio Ambiente, se analizaron los pasos necesarios para la puesta en marcha del proyecto. En ese marco, Speranza manifest\u00f3 su satisfacci\u00f3n por \u201cotorgar el funcionamiento a nivel departamental del tratamiento de los residuos s\u00f3lidos urbanos\u201d.<\/p>\n<p>\u201cEsto significa un paso m\u00e1s del trabajo conjunto para una correcta disposici\u00f3n de los residuos del departamento Belgrano\u201d, mencion\u00f3 y luego agreg\u00f3 que, durante el encuentro, \u201chemos abordado cuestiones t\u00e9cnicas, de infraestructura y de ubicaci\u00f3n de las futuras instalaciones del proyecto\u201d, concluy\u00f3 Speranza.<\/p>\n<p><strong>PRESENTES<\/strong><br \/>\nLa reuni\u00f3n cont\u00f3 con la presencia del senador provincial por el departamento Belgrano, Guillermo Cornaglia; el diputado provincial Miguel Sol\u00eds; el subsecretario de Gesti\u00f3n Ambiental, Edgardo Seguro; el subsecretario de Administraci\u00f3n, Daniel Cairo; el director provincial de Residuos S\u00f3lidos Urbanos, Miguel Siryi; el coordinador de la Regi\u00f3n 4, Nodo Rosario, Marcelo Beltr\u00e1n; los intendentes de Armstrong y Las Parejas, Pablo Verdecchia y \u00a0Horacio Compagnucci, respectivamente; los presidentes comunales de Bouquet, Montes de Oca y Tortugas, Luis Sabena, Leandro Dietschi y Humberto Viozzi; junto a concejales de las mencionadas localidades, que conforman el consorcio.<\/p>\n<p><strong>PROGRAMA GIRSU<\/strong><br \/>\nSeg\u00fan lo establecido en la Ley N\u00ba 13.055 (2009) de Basura Cero para la gesti\u00f3n de los residuos s\u00f3lidos urbanos, este programa apunta a la erradicaci\u00f3n definitiva de basurales a cielo abierto por medio de la puesta en marcha de t\u00e9cnicas adecuadas de ubicaci\u00f3n de residuos y de la creaci\u00f3n de instancias de capacitaci\u00f3n y sensibilizaci\u00f3n en la tem\u00e1tica ambiental.<\/p>\n","protected":false},"excerpt":{"rendered":"<p>El ministro Speranza mantuvo una reuni\u00f3n con autoridades del consorcio y destac\u00f3 que \u201csignifica un paso m\u00e1s del trabajo conjunto para una correcta disposici\u00f3n de los residuos del departamento\u201d. El ministro de Medio Ambiente, Jacinto Speranza, recibi\u00f3 este mi\u00e9rcoles a autoridades del Consorcio de Gesti\u00f3n de Residuos S\u00f3lidos Urbanos (Girsu) del departamento Belgrano e hizo <a href=\"https:\/\/armstrongyregion.com.ar\/diario\/avanza-la-puesta-en-marcha-del-consorcio-de-gestion-de-residuos-solidos-urbanos-en-el-departamento-belgrano\/\" title=\"Read more\" >&#8230;<\/a><\/p>\n","protected":false},"author":1,"featured_media":12807,"comment_status":"open","ping_status":"open","sticky":false,"template":"","format":"standard","meta":{"_jetpack_memberships_contains_paid_content":false,"footnotes":"","jetpack_publicize_message":"","jetpack_publicize_feature_enabled":true,"jetpack_social_post_already_shared":false,"jetpack_social_options":{"image_generator_settings":{"template":"highway","default_image_id":0,"enabled":false},"version":2}},"categories":[1,2,7,3],"tags":[5389],"class_list":["post-12806","post","type-post","status-publish","format-standard","has-post-thumbnail","hentry","category-diario-armstrong","category-locales","category-politica","category-region","tag-avanza-la-puesta-en-marcha-del-consorcio-de-gestion-de-residuos-solidos-urbanos-en-el-departamento-belgrano"],"jetpack_publicize_connections":[],"jetpack_featured_media_url":"https:\/\/armstrongyregion.com.ar\/diario\/wp-content\/uploads\/2017\/05\/grisu.jpg","jetpack_shortlink":"https:\/\/wp.me\/p62QDO-3ky","jetpack_sharing_enabled":true,"amp_enabled":true,"_links":{"self":[{"href":"https:\/\/armstrongyregion.com.ar\/diario\/wp-json\/wp\/v2\/posts\/12806","targetHints":{"allow":["GET"]}}],"collection":[{"href":"https:\/\/armstrongyregion.com.ar\/diario\/wp-json\/wp\/v2\/posts"}],"about":[{"href":"https:\/\/armstrongyregion.com.ar\/diario\/wp-json\/wp\/v2\/types\/post"}],"author":[{"embeddable":true,"href":"https:\/\/armstrongyregion.com.ar\/diario\/wp-json\/wp\/v2\/users\/1"}],"replies":[{"embeddable":true,"href":"https:\/\/armstrongyregion.com.ar\/diario\/wp-json\/wp\/v2\/comments?post=12806"}],"version-history":[{"count":0,"href":"https:\/\/armstrongyregion.com.ar\/diario\/wp-json\/wp\/v2\/posts\/12806\/revisions"}],"wp:featuredmedia":[{"embeddable":true,"href":"https:\/\/armstrongyregion.com.ar\/diario\/wp-json\/wp\/v2\/media\/12807"}],"wp:attachment":[{"href":"https:\/\/armstrongyregion.com.ar\/diario\/wp-json\/wp\/v2\/media?parent=12806"}],"wp:term":[{"taxonomy":"category","embeddable":true,"href":"https:\/\/armstrongyregion.com.ar\/diario\/wp-json\/wp\/v2\/categories?post=12806"},{"taxonomy":"post_tag","embeddable":true,"href":"https:\/\/armstrongyregion.com.ar\/diario\/wp-json\/wp\/v2\/tags?post=12806"}],"curies":[{"name":"wp","href":"https:\/\/api.w.org\/{rel}","templated":true}]}}