{"id":12799,"date":"2017-05-04T11:56:29","date_gmt":"2017-05-04T11:56:29","guid":{"rendered":"https:\/\/armstrongyregion.com.ar\/diario\/?p=12799"},"modified":"2017-05-04T11:56:29","modified_gmt":"2017-05-04T11:56:29","slug":"rasetto-confirmo-la-llegada-de-nuevos-moviles-policiales-para-el-iriondo","status":"publish","type":"post","link":"https:\/\/armstrongyregion.com.ar\/diario\/rasetto-confirmo-la-llegada-de-nuevos-moviles-policiales-para-el-iriondo\/","title":{"rendered":"Rasetto confirm\u00f3 la llegada de nuevos m\u00f3viles policiales para el Iriondo."},"content":{"rendered":"<p><a href=\"http:\/\/armstrongyregion.com.ar\/diario\/wp-content\/uploads\/2017\/05\/moviles.jpg\"><img loading=\"lazy\" decoding=\"async\" class=\"alignnone size-medium wp-image-12800\" src=\"http:\/\/armstrongyregion.com.ar\/diario\/wp-content\/uploads\/2017\/05\/moviles-300x162.jpg\" alt=\"moviles-armstrong-y-Region-\" width=\"300\" height=\"162\" srcset=\"https:\/\/armstrongyregion.com.ar\/diario\/wp-content\/uploads\/2017\/05\/moviles-300x162.jpg 300w, https:\/\/armstrongyregion.com.ar\/diario\/wp-content\/uploads\/2017\/05\/moviles.jpg 768w\" sizes=\"auto, (max-width: 300px) 100vw, 300px\" \/><\/a>Tras gestionar la puesta en marcha del sistema 911 en Ca\u00f1ada de G\u00f3mez, el Senador confirm\u00f3 la llegada de 4 camionetas policiales para la ciudad, y otras cuatro unidades que se distribuir\u00e1n en las localidades de Carrizales, Serodino, Totoras y Correa.<br \/>\nEste jueves en la jefatura local de Ca\u00f1ada de G\u00f3mez, ser\u00e1n presentadas las nuevas unidades, sobre las que el Senador destac\u00f3 que \u00abson fruto del continuo trabajo que la senadur\u00eda viene realizando junto al Ministerio de Seguridad de la provincia para atender la problem\u00e1tica de la seguridad en Ca\u00f1ada de G\u00f3mez\u00bb. Por otra parte, y sobre la puesta en marcha del 911 el Senador agreg\u00f3 que \u00abla semana pasada estuvimos realizando las \u00faltimas gestiones ante la empresa Telecom para poner en marcha el 911, que junto a los nuevos m\u00f3viles, brindar\u00e1n nuevas herramientas para combatir la inseguridad en la ciudad\u00bb<\/p>\n<div class=\"yj6qo ajU\">\n<div id=\":p5\" class=\"ajR\" tabindex=\"0\" data-tooltip=\"Mostrar contenido reducido\"><img decoding=\"async\" class=\"ajT\" src=\"https:\/\/ssl.gstatic.com\/ui\/v1\/icons\/mail\/images\/cleardot.gif\" alt=\"\" \/><\/div>\n<\/div>\n","protected":false},"excerpt":{"rendered":"<p>Tras gestionar la puesta en marcha del sistema 911 en Ca\u00f1ada de G\u00f3mez, el Senador confirm\u00f3 la llegada de 4 camionetas policiales para la ciudad, y otras cuatro unidades que se distribuir\u00e1n en las localidades de Carrizales, Serodino, Totoras y Correa. Este jueves en la jefatura local de Ca\u00f1ada de G\u00f3mez, ser\u00e1n presentadas las nuevas <a href=\"https:\/\/armstrongyregion.com.ar\/diario\/rasetto-confirmo-la-llegada-de-nuevos-moviles-policiales-para-el-iriondo\/\" title=\"Read more\" >&#8230;<\/a><\/p>\n","protected":false},"author":1,"featured_media":12800,"comment_status":"open","ping_status":"open","sticky":false,"template":"","format":"standard","meta":{"_jetpack_memberships_contains_paid_content":false,"footnotes":"","jetpack_publicize_message":"","jetpack_publicize_feature_enabled":true,"jetpack_social_post_already_shared":false,"jetpack_social_options":{"image_generator_settings":{"template":"highway","default_image_id":0,"enabled":false},"version":2}},"categories":[1,7,3],"tags":[20,5387,388,13],"class_list":["post-12799","post","type-post","status-publish","format-standard","has-post-thumbnail","hentry","category-diario-armstrong","category-politica","category-region","tag-armstrong","tag-rasetto-confirmo-la-llegada-de-nuevos-moviles-policiales-para-el-iriondo","tag-region-2","tag-y"],"jetpack_publicize_connections":[],"jetpack_featured_media_url":"https:\/\/armstrongyregion.com.ar\/diario\/wp-content\/uploads\/2017\/05\/moviles.jpg","jetpack_shortlink":"https:\/\/wp.me\/p62QDO-3kr","jetpack_sharing_enabled":true,"amp_enabled":true,"_links":{"self":[{"href":"https:\/\/armstrongyregion.com.ar\/diario\/wp-json\/wp\/v2\/posts\/12799","targetHints":{"allow":["GET"]}}],"collection":[{"href":"https:\/\/armstrongyregion.com.ar\/diario\/wp-json\/wp\/v2\/posts"}],"about":[{"href":"https:\/\/armstrongyregion.com.ar\/diario\/wp-json\/wp\/v2\/types\/post"}],"author":[{"embeddable":true,"href":"https:\/\/armstrongyregion.com.ar\/diario\/wp-json\/wp\/v2\/users\/1"}],"replies":[{"embeddable":true,"href":"https:\/\/armstrongyregion.com.ar\/diario\/wp-json\/wp\/v2\/comments?post=12799"}],"version-history":[{"count":0,"href":"https:\/\/armstrongyregion.com.ar\/diario\/wp-json\/wp\/v2\/posts\/12799\/revisions"}],"wp:featuredmedia":[{"embeddable":true,"href":"https:\/\/armstrongyregion.com.ar\/diario\/wp-json\/wp\/v2\/media\/12800"}],"wp:attachment":[{"href":"https:\/\/armstrongyregion.com.ar\/diario\/wp-json\/wp\/v2\/media?parent=12799"}],"wp:term":[{"taxonomy":"category","embeddable":true,"href":"https:\/\/armstrongyregion.com.ar\/diario\/wp-json\/wp\/v2\/categories?post=12799"},{"taxonomy":"post_tag","embeddable":true,"href":"https:\/\/armstrongyregion.com.ar\/diario\/wp-json\/wp\/v2\/tags?post=12799"}],"curies":[{"name":"wp","href":"https:\/\/api.w.org\/{rel}","templated":true}]}}